{"id":39399,"date":"2025-10-05T02:54:44","date_gmt":"2025-10-05T00:54:44","guid":{"rendered":"https:\/\/www.studiogera.de\/001\/?p=39399"},"modified":"2025-10-05T02:54:45","modified_gmt":"2025-10-05T00:54:45","slug":"der-weitere-bauablauf-am-gustav-hennig-platz","status":"publish","type":"post","link":"https:\/\/www.studiogera.de\/001\/2025\/10\/05\/der-weitere-bauablauf-am-gustav-hennig-platz\/","title":{"rendered":"DER WEITERE BAUABLAUF AM GUSTAV-HENNIG-PLATZ"},"content":{"rendered":"\n<p>Das Puppentheater erstrahlt in neuem Glanz: Nach gut zweieinhalbj\u00e4hriger Bauzeit \u00f6ffnete das historische Geb\u00e4ude am 20. September 2025 wieder seine T\u00fcren. Im Rahmen der Modernisierungsma\u00dfnahmen wurde der gesamte Innenraum vollst\u00e4ndig entkernt und die nicht mehr funktionst\u00fcchtigen technischen Anlagen zur\u00fcckgebaut. Der Entwurf f\u00fcr den neuen Theatersaal sichert ein v\u00f6llig anderes Raumerlebnis und gestattet den Akteuren noch kreativere\u00a0Auff\u00fchrungen. Interne Abl\u00e4ufe wurden neu strukturiert. So wurden unter anderem die Lage der Garderobe und der WC-Anlagen angepasst und eine neu zugeschnittene Puppenwerkstatt sowie eine Probeb\u00fchne geschaffen. Um auch im H\u00f6ren eingeschr\u00e4nkte Menschen ein uneingeschr\u00e4nktes Theatererlebnis zu bieten, wurde im Zuschauersaal eine induktive H\u00f6ranlage eingebaut. Der Grundriss wird durch ein Stahltragwerk \u00fcberspannt. Der Dachaufbau sowie die Heizungs- und L\u00fcftungsanlagen wurden energieoptimiert erneuert. Sanit\u00e4r-, Elektroanlage und moderne B\u00fchnentechnik entsprechen neuesten Standards. Die Gesamtkosten f\u00fcr die Ma\u00dfnahme belaufen sich auf rund 4,7 Millionen Euro, wobei rund 2,6 Millionen Euro durch F\u00f6rdermittel von Bund und Land bereitgestellt wurden. Geras Oberb\u00fcrgermeister Kurt Dannenberg erkl\u00e4rt:<\/p>\n\n\n\n<blockquote class=\"wp-block-quote is-layout-flow wp-block-quote-is-layout-flow\">\n<p>\u201eDas Puppentheater ist seit vielen Jahrzehnten ein fester Ankerpunkt in unserer Innenstadt. Mit diesen umfassenden Sanierungsarbeiten hat die Stadt Gera nicht nur ein historisches Geb\u00e4ude, die ehemalige Exerzierhalle des F\u00fcrstentum Reu\u00df, erhalten, sondern auch die Grundlage geschaffen, um dieses kulturelle Juwel unseres F\u00fcnf-Sparten-Theaters und wichtige Freizeitangebote f\u00fcr Familien und Kinder f\u00fcr kommende Generationen zu bewahren.\u201c<\/p>\n<\/blockquote>\n\n\n\n<p>Das wir heute noch \u00fcber ein Puppentheater verf\u00fcgen, sei insbesondere Frau Dr. Hahn, Oberb\u00fcrgermeisterin der Stadt Gera von 2012 bis 2018, zu verdanken. Das Geb\u00e4ude stehe aber auch f\u00fcr die Stadtentwicklung, fuhr der Oberb\u00fcrgermeister fort:<\/p>\n\n\n\n<blockquote class=\"wp-block-quote is-layout-flow wp-block-quote-is-layout-flow\">\n<p>\u201eWenn wir unsere Innenstadt wirklich weiterentwickeln und aufwerten wollen, m\u00fcssen wir ganzheitlich denken: Nach dem Puppentheater gestalten wir daher nun auch den kompletten Gustav-Hennig-Platz um, um so ein ganzes Areal zu einem einladenden Ort f\u00fcr alle B\u00fcrgerinnen und B\u00fcrger zu machen, der die Attraktivit\u00e4t unserer Innenstadt nachhaltig steigert.\u201c<\/p>\n<\/blockquote>\n\n\n\n<p>Mit der Neugestaltung der Gr\u00fcn- und Parkanlage sollen vor allem Verbesserungen an der Gr\u00fcnstruktur und an der Aufenthaltsqualit\u00e4t erzielt werden. Dazu geh\u00f6rt unter anderem ein neuer Spielplatz, der sich thematisch an das Theater anlehnt, die Integration eines neuen Wasserelements sowie die Neugestaltung der Wege. Weiterhin wird auch der Eingangsbereich des Puppentheaters erneuert. Ein Provisorium erm\u00f6glicht daher derzeit noch die Nutzung des Haupteingangs sowie der Notausg\u00e4nge. Im Zusammenhang mit der Ma\u00dfnahme am Gustav-Hennig-Platz werden auch die Amthorstra\u00dfe bis zur Clara-Zetkin-Stra\u00dfe sowie die Rudolf-Diener-Stra\u00dfe bis zur Humboldtstra\u00dfe saniert.<\/p>\n\n\n\n<p>Im ersten Bauabschnitt, der im Juli 2025 begann, wird eine befestigte Fl\u00e4che aus ges\u00e4gtem und kugelgestrahltem Natursteinpflaster inklusive der notwendigen Einfassung hergestellt. Zudem werden eine M\u00fclleinhausung, mehrere Fahrradst\u00e4nder und drei Mastleuchten eingebaut sowie drei Pflanzfl\u00e4chen angelegt und mit einer Zwischenbegr\u00fcnung versehen. Die eigentliche Bepflanzung erfolgt sp\u00e4ter im zweiten und dritten Bauabschnitt.<\/p>\n\n\n\n<p>QUELLE: STADTVERWALTUNG<\/p>\n","protected":false},"excerpt":{"rendered":"<div class=\"mh-excerpt\"><p>Das Puppentheater erstrahlt in neuem Glanz: Nach gut zweieinhalbj\u00e4hriger Bauzeit \u00f6ffnete das historische Geb\u00e4ude am 20. September 2025 wieder seine T\u00fcren. Im Rahmen der Modernisierungsma\u00dfnahmen wurde der gesamte Innenraum vollst\u00e4ndig entkernt und die nicht mehr <a class=\"mh-excerpt-more\" href=\"https:\/\/www.studiogera.de\/001\/2025\/10\/05\/der-weitere-bauablauf-am-gustav-hennig-platz\/\" title=\"DER WEITERE BAUABLAUF AM GUSTAV-HENNIG-PLATZ\">[&#8230;]<\/a><\/p>\n<\/div>","protected":false},"author":2,"featured_media":39400,"comment_status":"open","ping_status":"open","sticky":false,"template":"","format":"standard","meta":{"footnotes":""},"categories":[3],"tags":[],"class_list":{"0":"post-39399","1":"post","2":"type-post","3":"status-publish","4":"format-standard","5":"has-post-thumbnail","7":"category-lokal"},"_links":{"self":[{"href":"https:\/\/www.studiogera.de\/001\/wp-json\/wp\/v2\/posts\/39399","targetHints":{"allow":["GET"]}}],"collection":[{"href":"https:\/\/www.studiogera.de\/001\/wp-json\/wp\/v2\/posts"}],"about":[{"href":"https:\/\/www.studiogera.de\/001\/wp-json\/wp\/v2\/types\/post"}],"author":[{"embeddable":true,"href":"https:\/\/www.studiogera.de\/001\/wp-json\/wp\/v2\/users\/2"}],"replies":[{"embeddable":true,"href":"https:\/\/www.studiogera.de\/001\/wp-json\/wp\/v2\/comments?post=39399"}],"version-history":[{"count":1,"href":"https:\/\/www.studiogera.de\/001\/wp-json\/wp\/v2\/posts\/39399\/revisions"}],"predecessor-version":[{"id":39401,"href":"https:\/\/www.studiogera.de\/001\/wp-json\/wp\/v2\/posts\/39399\/revisions\/39401"}],"wp:featuredmedia":[{"embeddable":true,"href":"https:\/\/www.studiogera.de\/001\/wp-json\/wp\/v2\/media\/39400"}],"wp:attachment":[{"href":"https:\/\/www.studiogera.de\/001\/wp-json\/wp\/v2\/media?parent=39399"}],"wp:term":[{"taxonomy":"category","embeddable":true,"href":"https:\/\/www.studiogera.de\/001\/wp-json\/wp\/v2\/categories?post=39399"},{"taxonomy":"post_tag","embeddable":true,"href":"https:\/\/www.studiogera.de\/001\/wp-json\/wp\/v2\/tags?post=39399"}],"curies":[{"name":"wp","href":"https:\/\/api.w.org\/{rel}","templated":true}]}}