{"id":39407,"date":"2025-10-05T21:35:10","date_gmt":"2025-10-05T19:35:10","guid":{"rendered":"https:\/\/www.studiogera.de\/001\/?p=39407"},"modified":"2025-10-05T21:35:10","modified_gmt":"2025-10-05T19:35:10","slug":"verkehrshinweise-fuer-den-stadtring-sued-ost-und-toeppeln","status":"publish","type":"post","link":"https:\/\/www.studiogera.de\/001\/2025\/10\/05\/verkehrshinweise-fuer-den-stadtring-sued-ost-und-toeppeln\/","title":{"rendered":"VERKEHRSHINWEISE F\u00dcR DEN STADTRING S\u00dcD-OST UND T\u00d6PPELN"},"content":{"rendered":"\n<p>Am 6. Oktober 2025 beginnen auf dem Stadtring S\u00fcd-Ost die abschlie\u00dfenden Fahrbahnsanierungsarbeiten.\u00a0Beide Fahrtrichtungen werden bis zum 18. Oktober gesperrt. Umgeleitet wird der Verkehr beidseitig \u00fcber die Stra\u00dfen Elsterdamm, Am Sommerbad, Gebr\u00fcder-H\u00e4u\u00dfler-Stra\u00dfe, Theaterstra\u00dfe, Stra\u00dfe des Bergmanns. Der Stadtring bleibt aus Richtung Greiz kommend bis zur Kreuzung Braustra\u00dfe befahrbar.<\/p>\n\n\n\n<p>Aufgrund einer Vollsperrung in T\u00f6ppeln kommt es in der Zeit vom 6. bis 10. Oktober 2025\u00a0zu \u00c4nderungen im Verlauf der\u00a0GVB-Linie 20. Sie verkehrt w\u00e4hrend des genannten Zeitraums nur zwischen Friedrich-Naumann-Platz und Rubitz. In diesem Abschnitt bleiben die Abfahrtszeiten unver\u00e4ndert. Fahrg\u00e4ste mit Fahrtziel Harpersdorf oder anderen Haltestellen jenseits von Rubitz werden gebeten, die Linie 17 bis Frankenthal zu nutzen. Von dort aus ist die Weiterfahrt mit einem\u00a0zus\u00e4tzlichen Bus der Linie 20 m\u00f6glich, der speziell zwischen\u00a0Frankenthal und Harpersdorf\u00a0im Einsatz ist. Bitte beachten Sie, dass auf diesem Abschnitt abweichende Abfahrtszeiten gelten!<\/p>\n","protected":false},"excerpt":{"rendered":"<div class=\"mh-excerpt\"><p>Am 6. Oktober 2025 beginnen auf dem Stadtring S\u00fcd-Ost die abschlie\u00dfenden Fahrbahnsanierungsarbeiten.\u00a0Beide Fahrtrichtungen werden bis zum 18. Oktober gesperrt. Umgeleitet wird der Verkehr beidseitig \u00fcber die Stra\u00dfen Elsterdamm, Am Sommerbad, Gebr\u00fcder-H\u00e4u\u00dfler-Stra\u00dfe, Theaterstra\u00dfe, Stra\u00dfe des Bergmanns. <a class=\"mh-excerpt-more\" href=\"https:\/\/www.studiogera.de\/001\/2025\/10\/05\/verkehrshinweise-fuer-den-stadtring-sued-ost-und-toeppeln\/\" title=\"VERKEHRSHINWEISE F\u00dcR DEN STADTRING S\u00dcD-OST UND T\u00d6PPELN\">[&#8230;]<\/a><\/p>\n<\/div>","protected":false},"author":3,"featured_media":31498,"comment_status":"open","ping_status":"open","sticky":false,"template":"","format":"standard","meta":{"footnotes":""},"categories":[16],"tags":[],"class_list":{"0":"post-39407","1":"post","2":"type-post","3":"status-publish","4":"format-standard","5":"has-post-thumbnail","7":"category-kurzmitteilungen"},"_links":{"self":[{"href":"https:\/\/www.studiogera.de\/001\/wp-json\/wp\/v2\/posts\/39407","targetHints":{"allow":["GET"]}}],"collection":[{"href":"https:\/\/www.studiogera.de\/001\/wp-json\/wp\/v2\/posts"}],"about":[{"href":"https:\/\/www.studiogera.de\/001\/wp-json\/wp\/v2\/types\/post"}],"author":[{"embeddable":true,"href":"https:\/\/www.studiogera.de\/001\/wp-json\/wp\/v2\/users\/3"}],"replies":[{"embeddable":true,"href":"https:\/\/www.studiogera.de\/001\/wp-json\/wp\/v2\/comments?post=39407"}],"version-history":[{"count":1,"href":"https:\/\/www.studiogera.de\/001\/wp-json\/wp\/v2\/posts\/39407\/revisions"}],"predecessor-version":[{"id":39408,"href":"https:\/\/www.studiogera.de\/001\/wp-json\/wp\/v2\/posts\/39407\/revisions\/39408"}],"wp:featuredmedia":[{"embeddable":true,"href":"https:\/\/www.studiogera.de\/001\/wp-json\/wp\/v2\/media\/31498"}],"wp:attachment":[{"href":"https:\/\/www.studiogera.de\/001\/wp-json\/wp\/v2\/media?parent=39407"}],"wp:term":[{"taxonomy":"category","embeddable":true,"href":"https:\/\/www.studiogera.de\/001\/wp-json\/wp\/v2\/categories?post=39407"},{"taxonomy":"post_tag","embeddable":true,"href":"https:\/\/www.studiogera.de\/001\/wp-json\/wp\/v2\/tags?post=39407"}],"curies":[{"name":"wp","href":"https:\/\/api.w.org\/{rel}","templated":true}]}}