{"id":39409,"date":"2025-10-07T00:14:02","date_gmt":"2025-10-06T22:14:02","guid":{"rendered":"https:\/\/www.studiogera.de\/001\/?p=39409"},"modified":"2025-10-07T00:14:03","modified_gmt":"2025-10-06T22:14:03","slug":"information-der-partei-buendnis-90-die-gruenen-41","status":"publish","type":"post","link":"https:\/\/www.studiogera.de\/001\/2025\/10\/07\/information-der-partei-buendnis-90-die-gruenen-41\/","title":{"rendered":"INFORMATION DER PARTEI \u201eB\u00dcNDNIS \u201990\/DIE GR\u00dcNEN\u201c"},"content":{"rendered":"\n<p>Der Kreisverband Gera von B\u00fcndnis 90\/Die Gr\u00fcnen l\u00e4dt ein zum Frauenbrunch mit Mitbringbuffet am 11. Oktober 2025, von 10 Uhr bis 12 Uhr im Gr\u00fcnen B\u00fcro, Heinrichstra\u00dfe 50. Als Gast wird Martina Schneidenbach, Leiterin des Frauenkommunikationszentrums des Demokratischen Frauenbundes, begr\u00fc\u00dft. In gem\u00fctlicher Runde k\u00f6nnen interessierte B\u00fcrgerinnen \u00fcber Themen sprechen, die sie bewegen. Zur besseren Vorbereitung bittet der Kreisverband um eine Voranmeldung unter der Telefonnummer 0162 7896725 oder \u00fcber \u201einfo@gruene-gera.de\u201c.<\/p>\n\n\n\n<p>QUELLE: B\u00dcNDNIS \u201990\/DIE GR\u00dcNEN<\/p>\n","protected":false},"excerpt":{"rendered":"<div class=\"mh-excerpt\"><p>Der Kreisverband Gera von B\u00fcndnis 90\/Die Gr\u00fcnen l\u00e4dt ein zum Frauenbrunch mit Mitbringbuffet am 11. Oktober 2025, von 10 Uhr bis 12 Uhr im Gr\u00fcnen B\u00fcro, Heinrichstra\u00dfe 50. Als Gast wird Martina Schneidenbach, Leiterin des <a class=\"mh-excerpt-more\" href=\"https:\/\/www.studiogera.de\/001\/2025\/10\/07\/information-der-partei-buendnis-90-die-gruenen-41\/\" title=\"INFORMATION DER PARTEI \u201eB\u00dcNDNIS \u201990\/DIE GR\u00dcNEN\u201c\">[&#8230;]<\/a><\/p>\n<\/div>","protected":false},"author":3,"featured_media":38059,"comment_status":"open","ping_status":"open","sticky":false,"template":"","format":"standard","meta":{"footnotes":""},"categories":[16],"tags":[],"class_list":{"0":"post-39409","1":"post","2":"type-post","3":"status-publish","4":"format-standard","5":"has-post-thumbnail","7":"category-kurzmitteilungen"},"_links":{"self":[{"href":"https:\/\/www.studiogera.de\/001\/wp-json\/wp\/v2\/posts\/39409","targetHints":{"allow":["GET"]}}],"collection":[{"href":"https:\/\/www.studiogera.de\/001\/wp-json\/wp\/v2\/posts"}],"about":[{"href":"https:\/\/www.studiogera.de\/001\/wp-json\/wp\/v2\/types\/post"}],"author":[{"embeddable":true,"href":"https:\/\/www.studiogera.de\/001\/wp-json\/wp\/v2\/users\/3"}],"replies":[{"embeddable":true,"href":"https:\/\/www.studiogera.de\/001\/wp-json\/wp\/v2\/comments?post=39409"}],"version-history":[{"count":1,"href":"https:\/\/www.studiogera.de\/001\/wp-json\/wp\/v2\/posts\/39409\/revisions"}],"predecessor-version":[{"id":39410,"href":"https:\/\/www.studiogera.de\/001\/wp-json\/wp\/v2\/posts\/39409\/revisions\/39410"}],"wp:featuredmedia":[{"embeddable":true,"href":"https:\/\/www.studiogera.de\/001\/wp-json\/wp\/v2\/media\/38059"}],"wp:attachment":[{"href":"https:\/\/www.studiogera.de\/001\/wp-json\/wp\/v2\/media?parent=39409"}],"wp:term":[{"taxonomy":"category","embeddable":true,"href":"https:\/\/www.studiogera.de\/001\/wp-json\/wp\/v2\/categories?post=39409"},{"taxonomy":"post_tag","embeddable":true,"href":"https:\/\/www.studiogera.de\/001\/wp-json\/wp\/v2\/tags?post=39409"}],"curies":[{"name":"wp","href":"https:\/\/api.w.org\/{rel}","templated":true}]}}