{"id":39419,"date":"2025-10-07T16:30:10","date_gmt":"2025-10-07T14:30:10","guid":{"rendered":"https:\/\/www.studiogera.de\/001\/?p=39419"},"modified":"2025-10-07T16:30:10","modified_gmt":"2025-10-07T14:30:10","slug":"attentat-auf-kommunalpolitikerin-in-nrw","status":"publish","type":"post","link":"https:\/\/www.studiogera.de\/001\/2025\/10\/07\/attentat-auf-kommunalpolitikerin-in-nrw\/","title":{"rendered":"ATTENTAT AUF KOMMUNALPOLITIKERIN IN NRW"},"content":{"rendered":"\n<p>Auf die designierte B\u00fcrgermeisterin von Herdecke\/Nordrhein-Westfalen, Iris Stalzer, ist ein Attentat ver\u00fcbt worden. Das berichtet der Westdeutsche Rundfunk. Die 57-j\u00e4hrige Kommunalpolitikerin befindet sich \u00fcbereinstimmenden Angaben zufolge in Lebensgefahr und wurde mit einem Rettungshubschrauber in das Bochumer Universit\u00e4tsklinikum gebracht. Bisher bekannt sind 13 Stichverletzungen in Bauch und R\u00fccken. Ihre beiden 15 bzw. 17 Jahre alten Adoptivkinder setzten gegen 12.40 Uhr einen Notruf ab. Die Einsatzkr\u00e4fte fanden die Politikerin schwer verletzt in ihrem Wohnhaus vor. Der Adoptivsohn soll von der Polizei aus dem Haus gef\u00fchrt und mitgenommen worden sein, schreibt die Zeitung \u201eBild\u201c. Weitere Zeitungen berichten von einem Vorfall zwischen der Adoptivtochter und Stalzer im Sommer dieses Jahres. Dabei soll die Tochter ein Messer eigesetzt haben. Gesicherte Angaben zu m\u00f6glichen Motiven und Zusammenh\u00e4ngen lagen bis 16.30 Uhr nicht vor.<\/p>\n","protected":false},"excerpt":{"rendered":"<div class=\"mh-excerpt\"><p>Auf die designierte B\u00fcrgermeisterin von Herdecke\/Nordrhein-Westfalen, Iris Stalzer, ist ein Attentat ver\u00fcbt worden. Das berichtet der Westdeutsche Rundfunk. Die 57-j\u00e4hrige Kommunalpolitikerin befindet sich \u00fcbereinstimmenden Angaben zufolge in Lebensgefahr und wurde mit einem Rettungshubschrauber in das <a class=\"mh-excerpt-more\" href=\"https:\/\/www.studiogera.de\/001\/2025\/10\/07\/attentat-auf-kommunalpolitikerin-in-nrw\/\" title=\"ATTENTAT AUF KOMMUNALPOLITIKERIN IN NRW\">[&#8230;]<\/a><\/p>\n<\/div>","protected":false},"author":3,"featured_media":10673,"comment_status":"open","ping_status":"open","sticky":false,"template":"","format":"standard","meta":{"footnotes":""},"categories":[16],"tags":[],"class_list":{"0":"post-39419","1":"post","2":"type-post","3":"status-publish","4":"format-standard","5":"has-post-thumbnail","7":"category-kurzmitteilungen"},"_links":{"self":[{"href":"https:\/\/www.studiogera.de\/001\/wp-json\/wp\/v2\/posts\/39419","targetHints":{"allow":["GET"]}}],"collection":[{"href":"https:\/\/www.studiogera.de\/001\/wp-json\/wp\/v2\/posts"}],"about":[{"href":"https:\/\/www.studiogera.de\/001\/wp-json\/wp\/v2\/types\/post"}],"author":[{"embeddable":true,"href":"https:\/\/www.studiogera.de\/001\/wp-json\/wp\/v2\/users\/3"}],"replies":[{"embeddable":true,"href":"https:\/\/www.studiogera.de\/001\/wp-json\/wp\/v2\/comments?post=39419"}],"version-history":[{"count":3,"href":"https:\/\/www.studiogera.de\/001\/wp-json\/wp\/v2\/posts\/39419\/revisions"}],"predecessor-version":[{"id":39423,"href":"https:\/\/www.studiogera.de\/001\/wp-json\/wp\/v2\/posts\/39419\/revisions\/39423"}],"wp:featuredmedia":[{"embeddable":true,"href":"https:\/\/www.studiogera.de\/001\/wp-json\/wp\/v2\/media\/10673"}],"wp:attachment":[{"href":"https:\/\/www.studiogera.de\/001\/wp-json\/wp\/v2\/media?parent=39419"}],"wp:term":[{"taxonomy":"category","embeddable":true,"href":"https:\/\/www.studiogera.de\/001\/wp-json\/wp\/v2\/categories?post=39419"},{"taxonomy":"post_tag","embeddable":true,"href":"https:\/\/www.studiogera.de\/001\/wp-json\/wp\/v2\/tags?post=39419"}],"curies":[{"name":"wp","href":"https:\/\/api.w.org\/{rel}","templated":true}]}}