{"id":39432,"date":"2025-10-07T21:14:56","date_gmt":"2025-10-07T19:14:56","guid":{"rendered":"https:\/\/www.studiogera.de\/001\/?p=39432"},"modified":"2025-10-07T21:14:56","modified_gmt":"2025-10-07T19:14:56","slug":"schreibwettbewerb-endet-mit-preisverleihung","status":"publish","type":"post","link":"https:\/\/www.studiogera.de\/001\/2025\/10\/07\/schreibwettbewerb-endet-mit-preisverleihung\/","title":{"rendered":"SCHREIBWETTBEWERB ENDET MIT PREISVERLEIHUNG"},"content":{"rendered":"\n<p>Am Mittwoch, den 1. Oktober 2025, 17 Uhr, hatte die Stadt- und Regionalbibliothek Gera zur Abschlussveranstaltung des diesj\u00e4hrigen Schreibwettbewerbs mit Preis\u00fcbergabe alle Teilnehmer und Eltern in den Saal der Sparkasse eingeladen. Ebenso eingeladen waren die Juroren und alle Unterst\u00fctzenden und F\u00f6rderer des Schreibwettbewerbs: die Sparkasse Gera-Greiz, das Staatliche Schulamt Ostth\u00fcringen und der Bibliotheksf\u00f6rderverein Buch und Leser.<\/p>\n\n\n\n<p>Es war bereits das dritte Mal, dass die Geraer Bibliothek Kinder und Jugendliche dazu aufgerufen hatte, sich an einem Schreibwettbewerb zu beteiligen. Das diesj\u00e4hrige Motto lautete \u201eFederkiel &amp; Sternenstaub\u201c. Als Vorlage dienten zwei Zauberh\u00fcte mit jeweils zehn W\u00f6rtern; einer davon war auszuw\u00e4hlen. Alle W\u00f6rter aus diesem Zauberhut mussten in der Geschichte verwendet werden; der Umfang war auf maximal zwei DIN-A4-Seiten begrenzt.<\/p>\n\n\n\n<p>Insgesamt gab es 56 Einreichungen, die meisten davon, 26 Texte, in der Altersgruppe neun bis elf Jahre, gefolgt von den zw\u00f6lf bis 14-J\u00e4hrigen mit 19 Texten. Elf Texte wurden von 15- bis 18-J\u00e4hrigen geschrieben. Einsendungen gab es aus Gera, Weida, Bad K\u00f6stritz, aber auch von Ferienkindern aus Naumburg, Potsdam, Ravensburg und T\u00fcbingen. Schulklassen beteiligten sich in diesem Jahr nicht am Wettbewerb. Fast alle Geschichtenschreiber warteten mit der Abgabe ihrer Texte bis zum letztm\u00f6glichen Tag. Einsendeschluss nach Verl\u00e4ngerung war der 7. September 2025, was sowohl bei der veranstaltenden Bibliothek als auch bei den Juroren f\u00fcr einige Anspannung sorgte.<\/p>\n\n\n\n<p>Eine f\u00fcnfk\u00f6pfige Jury hatte im Anschluss alle Geschichten gelesen und nach einem Punktesystem bewertet, anhand festgesetzter Kriterien, wie Ausdruck, Grammatik, Wortwahl, Spannungsbogen, Individualit\u00e4t und Originalit\u00e4t; m\u00f6glich waren so maximal 200 Punkte. Zur Jury geh\u00f6rten Robert Buttkus von der Thalia-Buchhandlung, Nadine Cyranski von der Sparkasse Gera-Greiz, Jenny-Alexandra Hauptmann von der Stadt- und Regionalbibliothek Gera, die Autorin Jana Huster und Romy Vogt, Lehrerin, Entdeckergemeinschaftsschule. In den drei Altersgruppen wurden jeweils drei Preise vergeben. Die jeweiligen Siegertexte der Erstplatzierten in jeder Altersgruppe wurden zur Preisverleihung \u00f6ffentlich vorgetragen.<\/p>\n\n\n\n<p>In der Altersgruppe neun bis elf Jahre gewann Mira Ladusch mit 192 von 200 m\u00f6glichen Punkten den ersten Preis. Den zweiten Preis erhielt Lena Melinda Mittag, 186 Punkte; der dritte Preis ging an Marina Witzsche, 179 Punkte. In der Altersgruppe zw\u00f6lf bis 14 Jahre erhielt Charlotte Kielstein mit 185 Punkten den ersten, Marlene Anna D\u00f6rling mit 178 Punkten den zweiten und Philomena Gr\u00f6bel mit 175 Punkten den dritten Preis. In der Altersgruppe 15 bis 18 Jahre siegte Leonie K\u00f6rmer mit 190 Punkten. Der zweite Preis ging an Wencke Druse mit 186 Punkten und den dritten Preis erhielt Sina Teske mit 183 Punkten.<\/p>\n\n\n\n<p>Mit dem Schreibwettbewerb m\u00f6chte die Bibliothek die Freude am Lesen und am geschriebenen Wort st\u00e4rken, Kreativit\u00e4t und Ausdruck f\u00f6rdern und die Verbundenheit von Kindern und Jugendlichen mit der st\u00e4dtischen Bibliothek als Freizeit- und Bildungsort festigen und vertiefen.<\/p>\n\n\n\n<p>QUELLE: STADTVERWALTUNG<\/p>\n","protected":false},"excerpt":{"rendered":"<div class=\"mh-excerpt\"><p>Am Mittwoch, den 1. Oktober 2025, 17 Uhr, hatte die Stadt- und Regionalbibliothek Gera zur Abschlussveranstaltung des diesj\u00e4hrigen Schreibwettbewerbs mit Preis\u00fcbergabe alle Teilnehmer und Eltern in den Saal der Sparkasse eingeladen. Ebenso eingeladen waren die <a class=\"mh-excerpt-more\" href=\"https:\/\/www.studiogera.de\/001\/2025\/10\/07\/schreibwettbewerb-endet-mit-preisverleihung\/\" title=\"SCHREIBWETTBEWERB ENDET MIT PREISVERLEIHUNG\">[&#8230;]<\/a><\/p>\n<\/div>","protected":false},"author":2,"featured_media":39433,"comment_status":"open","ping_status":"open","sticky":false,"template":"","format":"standard","meta":{"footnotes":""},"categories":[8],"tags":[],"class_list":{"0":"post-39432","1":"post","2":"type-post","3":"status-publish","4":"format-standard","5":"has-post-thumbnail","7":"category-kultur"},"_links":{"self":[{"href":"https:\/\/www.studiogera.de\/001\/wp-json\/wp\/v2\/posts\/39432","targetHints":{"allow":["GET"]}}],"collection":[{"href":"https:\/\/www.studiogera.de\/001\/wp-json\/wp\/v2\/posts"}],"about":[{"href":"https:\/\/www.studiogera.de\/001\/wp-json\/wp\/v2\/types\/post"}],"author":[{"embeddable":true,"href":"https:\/\/www.studiogera.de\/001\/wp-json\/wp\/v2\/users\/2"}],"replies":[{"embeddable":true,"href":"https:\/\/www.studiogera.de\/001\/wp-json\/wp\/v2\/comments?post=39432"}],"version-history":[{"count":1,"href":"https:\/\/www.studiogera.de\/001\/wp-json\/wp\/v2\/posts\/39432\/revisions"}],"predecessor-version":[{"id":39434,"href":"https:\/\/www.studiogera.de\/001\/wp-json\/wp\/v2\/posts\/39432\/revisions\/39434"}],"wp:featuredmedia":[{"embeddable":true,"href":"https:\/\/www.studiogera.de\/001\/wp-json\/wp\/v2\/media\/39433"}],"wp:attachment":[{"href":"https:\/\/www.studiogera.de\/001\/wp-json\/wp\/v2\/media?parent=39432"}],"wp:term":[{"taxonomy":"category","embeddable":true,"href":"https:\/\/www.studiogera.de\/001\/wp-json\/wp\/v2\/categories?post=39432"},{"taxonomy":"post_tag","embeddable":true,"href":"https:\/\/www.studiogera.de\/001\/wp-json\/wp\/v2\/tags?post=39432"}],"curies":[{"name":"wp","href":"https:\/\/api.w.org\/{rel}","templated":true}]}}