{"id":39437,"date":"2025-10-07T23:37:28","date_gmt":"2025-10-07T21:37:28","guid":{"rendered":"https:\/\/www.studiogera.de\/001\/?p=39437"},"modified":"2025-10-07T23:37:29","modified_gmt":"2025-10-07T21:37:29","slug":"fuenfter-kinder-und-jugendaktionstag-in-gera","status":"publish","type":"post","link":"https:\/\/www.studiogera.de\/001\/2025\/10\/07\/fuenfter-kinder-und-jugendaktionstag-in-gera\/","title":{"rendered":"F\u00dcNFTER KINDER- UND JUGENDAKTIONSTAG IN GERA"},"content":{"rendered":"\n<p>Bereits zum f\u00fcnften Mal fand der Kinder- und Jugendaktionstag in Gera statt \u2014 in diesem Jahr im Ortsteil Debschwitz unter dem Motto \u201eWir gestalten Gera\u201c. Die Veranstaltung wurde in enger Kooperation mit der Otegau, dem Schlupfwinkel und Sorgentelefon e.\u202fV., dem Montessori-Kinderhaus \u201eFrohes Leben\u201c, dem Ortsteilrat und Ortsteilb\u00fcrgermeister, der Regelschule Debschwitz sowie dem Jugendamt der Stadt Gera organisiert. Ziel des Aktionstags war es, Kinder und Jugendliche aktiv in die Gestaltung ihres Stadtteils einzubeziehen und ihre Teilhabe zu f\u00f6rdern.<\/p>\n\n\n\n<p>Im Mittelpunkt standen vielf\u00e4ltige Partizipationsangebote, kulturelle Beitr\u00e4ge, kreative Beteiligungsprogramme zur Schulhofgestaltung, Informationsst\u00e4nde sowie Mitmachaktionen zur Kinder- und Jugendbeteiligung. Der Tag bot einen offenen Raum f\u00fcr den Austausch. Rund 400 G\u00e4ste, darunter Kinder, Jugendliche, Eltern, Fachkr\u00e4fte sowie engagierte B\u00fcrger, nahmen an den vielf\u00e4ltigen Aktivit\u00e4ten teil. In der Kindertagesst\u00e4tte wurde unter anderem ein Holzbastel-Angebot durch die Th\u00fcringer Initiative f\u00fcr Integration, Nachhaltigkeit, Kooperation und Aktivierung, Kinderschminken, ein Bewegungsparcours, Spiele sowie Verpflegung rund um das Thema \u201eGesunde Ern\u00e4hrung\u201c angeboten. An der Regelschule pr\u00e4sentierten sich das Jugendhaus, der Schlupfwinkel, verschiedene Bastelst\u00e4nde, die Freiwillige Feuerwehr Thr\u00e4nitz, die Streetworker, der Stadtjugendring, der Stadtsportbund sowie verschiedene Sportvereine. Das Jugendamt f\u00fchrte einen Workshop zur Jugendbeteiligung durch. Er\u00f6ffnet wurde der Aktionstag von Frau Klemm, Leiterin des Jugendamtes Gera.<\/p>\n\n\n\n<p>Neben dem eigentlichen Aktionstag werden bis zum 30. November 2025 weitere Beteiligungsformate und kreative Angebote im Stadtteil durchgef\u00fchrt \u2014 unter anderem Mitmachkurse zur Schulhofgestaltung sowie ein Beteiligungsprogramm zur Umgestaltung der Radrennbahn gemeinsam mit Jugendlichen aus dem Ortsteil.<\/p>\n\n\n\n<p>Das Projekt wird gef\u00f6rdert durch das Deutsche Kinderhilfswerk e.\u202fV. im Rahmen des L\u00e4nderfonds Th\u00fcringen mit insgesamt 4950 Euro.<\/p>\n\n\n\n<p>QUELLE: STADTVERWALTUNG<\/p>\n","protected":false},"excerpt":{"rendered":"<div class=\"mh-excerpt\"><p>Bereits zum f\u00fcnften Mal fand der Kinder- und Jugendaktionstag in Gera statt \u2014 in diesem Jahr im Ortsteil Debschwitz unter dem Motto \u201eWir gestalten Gera\u201c. Die Veranstaltung wurde in enger Kooperation mit der Otegau, dem <a class=\"mh-excerpt-more\" href=\"https:\/\/www.studiogera.de\/001\/2025\/10\/07\/fuenfter-kinder-und-jugendaktionstag-in-gera\/\" title=\"F\u00dcNFTER KINDER- UND JUGENDAKTIONSTAG IN GERA\">[&#8230;]<\/a><\/p>\n<\/div>","protected":false},"author":2,"featured_media":39438,"comment_status":"open","ping_status":"open","sticky":false,"template":"","format":"standard","meta":{"footnotes":""},"categories":[8],"tags":[],"class_list":{"0":"post-39437","1":"post","2":"type-post","3":"status-publish","4":"format-standard","5":"has-post-thumbnail","7":"category-kultur"},"_links":{"self":[{"href":"https:\/\/www.studiogera.de\/001\/wp-json\/wp\/v2\/posts\/39437","targetHints":{"allow":["GET"]}}],"collection":[{"href":"https:\/\/www.studiogera.de\/001\/wp-json\/wp\/v2\/posts"}],"about":[{"href":"https:\/\/www.studiogera.de\/001\/wp-json\/wp\/v2\/types\/post"}],"author":[{"embeddable":true,"href":"https:\/\/www.studiogera.de\/001\/wp-json\/wp\/v2\/users\/2"}],"replies":[{"embeddable":true,"href":"https:\/\/www.studiogera.de\/001\/wp-json\/wp\/v2\/comments?post=39437"}],"version-history":[{"count":1,"href":"https:\/\/www.studiogera.de\/001\/wp-json\/wp\/v2\/posts\/39437\/revisions"}],"predecessor-version":[{"id":39439,"href":"https:\/\/www.studiogera.de\/001\/wp-json\/wp\/v2\/posts\/39437\/revisions\/39439"}],"wp:featuredmedia":[{"embeddable":true,"href":"https:\/\/www.studiogera.de\/001\/wp-json\/wp\/v2\/media\/39438"}],"wp:attachment":[{"href":"https:\/\/www.studiogera.de\/001\/wp-json\/wp\/v2\/media?parent=39437"}],"wp:term":[{"taxonomy":"category","embeddable":true,"href":"https:\/\/www.studiogera.de\/001\/wp-json\/wp\/v2\/categories?post=39437"},{"taxonomy":"post_tag","embeddable":true,"href":"https:\/\/www.studiogera.de\/001\/wp-json\/wp\/v2\/tags?post=39437"}],"curies":[{"name":"wp","href":"https:\/\/api.w.org\/{rel}","templated":true}]}}