{"id":39440,"date":"2025-10-07T23:51:08","date_gmt":"2025-10-07T21:51:08","guid":{"rendered":"https:\/\/www.studiogera.de\/001\/?p=39440"},"modified":"2025-10-07T23:51:09","modified_gmt":"2025-10-07T21:51:09","slug":"modernisierung-des-bahnhofsplatzes-geplant","status":"publish","type":"post","link":"https:\/\/www.studiogera.de\/001\/2025\/10\/07\/modernisierung-des-bahnhofsplatzes-geplant\/","title":{"rendered":"MODERNISIERUNG DES BAHNHOFSPLATZES GEPLANT"},"content":{"rendered":"\n<p>Das Areal vor dem Geraer Hauptbahnhof soll umfassend modernisiert und zu einem zukunftsf\u00e4higen Mobilit\u00e4tsknoten weiterentwickelt werden. Daf\u00fcr erhielt die Stadt am Mittwoch, den 1. Oktober 2025, einen Zuwendungsbescheid in H\u00f6he von 145&#8217;000 Euro, um eine Machbarkeitsstudie f\u00fcr das Projekt durchf\u00fchren zu k\u00f6nnen. \u00dcberreicht wurde der Bescheid von Andreas Bausewein,<strong> <\/strong>Staatssekret\u00e4r f\u00fcr Kommunales im Th\u00fcringer Innenministerium. Die Studie ist dabei die Basis f\u00fcr das weitere Vorgehen: Sie soll Aspekte wie Wegebeziehungen, die Verkn\u00fcpfung verschiedener Mobilit\u00e4tsangebote, die Entwicklung von Brachfl\u00e4chen und m\u00f6gliche Gewerbeansiedlungen untersuchen, um letztlich eine langfristige Entwicklungsstrategie zu formen. Die Stadt Gera kann hierbei auf Erfahrung aus dem Smartcity-Projekt zur\u00fcckgreifen, das sich bereits mit dem Thema Mobilit\u00e4tsinseln befasst hat. Diese Vorarbeit soll nun genutzt werden, wenn es um die neue Konzeptionierung des Mobilit\u00e4tsknoten geht.<\/p>\n\n\n\n<p>Das Bahnhofsumfeld in Gera bietet dabei vielf\u00e4ltige M\u00f6glichkeiten: Die zentrale Lage und verf\u00fcgbare Fl\u00e4chen er\u00f6ffnen enormes Entwicklungspotenzial, das ma\u00dfgeblich zur Verkehrswende beitragen kann, sofern integrierte Mobilit\u00e4tsl\u00f6sungen geschaffen werden. Bereits laufende Deutsche-Bahn-Projekte wie die Elektrifizierung der Mitte-Deutschland-Verbindung und der Ausbau der Strecke Leipzig\u2014Gera auf S-Bahn-Standard st\u00e4rken den Hauptbahnhof in Gera als regionalen Umsteigepunkt, erh\u00f6hen die Vernetzung und steigern die Attraktivit\u00e4t der gesamten Region. Da der Bahnhofsvorplatz als Eingangstor der Stadt\u00a0 gilt und das Stadtbild ma\u00dfgeblich pr\u00e4gt, soll dieses nun auch entsprechend aufgewertet werden. Denn eine positive und einladende Gestaltung dieses zentralen Ortes tr\u00e4gt wesentlich dazu bei, dass sich Einwohner, Besucher und Pendler willkommen f\u00fchlen.<\/p>\n\n\n\n<p>Im n\u00e4chsten Schritt werden entsprechende Fachb\u00fcros mit der Erstellung der auf zwei Jahre angesetzten Machbarkeitsstudie beauftragt. Im weiteren Verlauf des Projekts wird es zudem Beteiligungsformate f\u00fcr interessierte B\u00fcrger geben, die sich mit einbringen wollen.<\/p>\n\n\n\n<p>QUELLE: STADTVERWALTUNG<\/p>\n","protected":false},"excerpt":{"rendered":"<div class=\"mh-excerpt\"><p>Das Areal vor dem Geraer Hauptbahnhof soll umfassend modernisiert und zu einem zukunftsf\u00e4higen Mobilit\u00e4tsknoten weiterentwickelt werden. Daf\u00fcr erhielt die Stadt am Mittwoch, den 1. Oktober 2025, einen Zuwendungsbescheid in H\u00f6he von 145&#8217;000 Euro, um eine <a class=\"mh-excerpt-more\" href=\"https:\/\/www.studiogera.de\/001\/2025\/10\/07\/modernisierung-des-bahnhofsplatzes-geplant\/\" title=\"MODERNISIERUNG DES BAHNHOFSPLATZES GEPLANT\">[&#8230;]<\/a><\/p>\n<\/div>","protected":false},"author":2,"featured_media":39441,"comment_status":"open","ping_status":"open","sticky":false,"template":"","format":"standard","meta":{"footnotes":""},"categories":[3],"tags":[],"class_list":{"0":"post-39440","1":"post","2":"type-post","3":"status-publish","4":"format-standard","5":"has-post-thumbnail","7":"category-lokal"},"_links":{"self":[{"href":"https:\/\/www.studiogera.de\/001\/wp-json\/wp\/v2\/posts\/39440","targetHints":{"allow":["GET"]}}],"collection":[{"href":"https:\/\/www.studiogera.de\/001\/wp-json\/wp\/v2\/posts"}],"about":[{"href":"https:\/\/www.studiogera.de\/001\/wp-json\/wp\/v2\/types\/post"}],"author":[{"embeddable":true,"href":"https:\/\/www.studiogera.de\/001\/wp-json\/wp\/v2\/users\/2"}],"replies":[{"embeddable":true,"href":"https:\/\/www.studiogera.de\/001\/wp-json\/wp\/v2\/comments?post=39440"}],"version-history":[{"count":1,"href":"https:\/\/www.studiogera.de\/001\/wp-json\/wp\/v2\/posts\/39440\/revisions"}],"predecessor-version":[{"id":39442,"href":"https:\/\/www.studiogera.de\/001\/wp-json\/wp\/v2\/posts\/39440\/revisions\/39442"}],"wp:featuredmedia":[{"embeddable":true,"href":"https:\/\/www.studiogera.de\/001\/wp-json\/wp\/v2\/media\/39441"}],"wp:attachment":[{"href":"https:\/\/www.studiogera.de\/001\/wp-json\/wp\/v2\/media?parent=39440"}],"wp:term":[{"taxonomy":"category","embeddable":true,"href":"https:\/\/www.studiogera.de\/001\/wp-json\/wp\/v2\/categories?post=39440"},{"taxonomy":"post_tag","embeddable":true,"href":"https:\/\/www.studiogera.de\/001\/wp-json\/wp\/v2\/tags?post=39440"}],"curies":[{"name":"wp","href":"https:\/\/api.w.org\/{rel}","templated":true}]}}