{"id":39443,"date":"2025-10-08T20:04:27","date_gmt":"2025-10-08T18:04:27","guid":{"rendered":"https:\/\/www.studiogera.de\/001\/?p=39443"},"modified":"2025-10-08T20:04:27","modified_gmt":"2025-10-08T18:04:27","slug":"vu-in-der-keplerstrasse","status":"publish","type":"post","link":"https:\/\/www.studiogera.de\/001\/2025\/10\/08\/vu-in-der-keplerstrasse\/","title":{"rendered":"VU IN DER KEPLERSTRASSE"},"content":{"rendered":"\n<p>Am 7. Oktober 2025 ereignete sich gegen 16.30 Uhr ein Verkehrsunfall an der Kreuzung Eiselstra\u00dfe und Keplerstra\u00dfe. Eine 29-j\u00e4hrige PKW-Fahrerin befuhr die Wiesestra\u00dfe stadteinw\u00e4rts. Nach bisherigen Erkenntnissen wollte sie anschlie\u00dfend nach links in die Keplerstra\u00dfe abbiegen und missachtete dabei die Vorfahrt einer entgegenkommenden 69-j\u00e4hrigen PKW-Fahrerin, sodass es zur Kollision kam. Beide Fahrzeugf\u00fchrerinnen wurden leicht verletzt. Es entstand ein gesch\u00e4tzter Sachschaden im hohen vierstelligen Bereich an beiden Fahrzeugen. Die Polizei hat die Ermittlungen zum Unfallhergang aufgenommen.<\/p>\n","protected":false},"excerpt":{"rendered":"<div class=\"mh-excerpt\"><p>Am 7. Oktober 2025 ereignete sich gegen 16.30 Uhr ein Verkehrsunfall an der Kreuzung Eiselstra\u00dfe und Keplerstra\u00dfe. Eine 29-j\u00e4hrige PKW-Fahrerin befuhr die Wiesestra\u00dfe stadteinw\u00e4rts. Nach bisherigen Erkenntnissen wollte sie anschlie\u00dfend nach links in die Keplerstra\u00dfe <a class=\"mh-excerpt-more\" href=\"https:\/\/www.studiogera.de\/001\/2025\/10\/08\/vu-in-der-keplerstrasse\/\" title=\"VU IN DER KEPLERSTRASSE\">[&#8230;]<\/a><\/p>\n<\/div>","protected":false},"author":3,"featured_media":22581,"comment_status":"open","ping_status":"open","sticky":false,"template":"","format":"standard","meta":{"footnotes":""},"categories":[13],"tags":[],"class_list":{"0":"post-39443","1":"post","2":"type-post","3":"status-publish","4":"format-standard","5":"has-post-thumbnail","7":"category-polizeiberichte"},"_links":{"self":[{"href":"https:\/\/www.studiogera.de\/001\/wp-json\/wp\/v2\/posts\/39443","targetHints":{"allow":["GET"]}}],"collection":[{"href":"https:\/\/www.studiogera.de\/001\/wp-json\/wp\/v2\/posts"}],"about":[{"href":"https:\/\/www.studiogera.de\/001\/wp-json\/wp\/v2\/types\/post"}],"author":[{"embeddable":true,"href":"https:\/\/www.studiogera.de\/001\/wp-json\/wp\/v2\/users\/3"}],"replies":[{"embeddable":true,"href":"https:\/\/www.studiogera.de\/001\/wp-json\/wp\/v2\/comments?post=39443"}],"version-history":[{"count":1,"href":"https:\/\/www.studiogera.de\/001\/wp-json\/wp\/v2\/posts\/39443\/revisions"}],"predecessor-version":[{"id":39444,"href":"https:\/\/www.studiogera.de\/001\/wp-json\/wp\/v2\/posts\/39443\/revisions\/39444"}],"wp:featuredmedia":[{"embeddable":true,"href":"https:\/\/www.studiogera.de\/001\/wp-json\/wp\/v2\/media\/22581"}],"wp:attachment":[{"href":"https:\/\/www.studiogera.de\/001\/wp-json\/wp\/v2\/media?parent=39443"}],"wp:term":[{"taxonomy":"category","embeddable":true,"href":"https:\/\/www.studiogera.de\/001\/wp-json\/wp\/v2\/categories?post=39443"},{"taxonomy":"post_tag","embeddable":true,"href":"https:\/\/www.studiogera.de\/001\/wp-json\/wp\/v2\/tags?post=39443"}],"curies":[{"name":"wp","href":"https:\/\/api.w.org\/{rel}","templated":true}]}}