{"id":39445,"date":"2025-10-08T20:09:25","date_gmt":"2025-10-08T18:09:25","guid":{"rendered":"https:\/\/www.studiogera.de\/001\/?p=39445"},"modified":"2025-10-08T20:09:27","modified_gmt":"2025-10-08T18:09:27","slug":"belaestigung-im-oepnv","status":"publish","type":"post","link":"https:\/\/www.studiogera.de\/001\/2025\/10\/08\/belaestigung-im-oepnv\/","title":{"rendered":"BEL\u00c4STIGUNG IM \u00d6PNV"},"content":{"rendered":"\n<p>Am 4. Oktober 2025 gegen 17.45 Uhr fuhren eine 15- und 14-J\u00e4hrige mit der Stra\u00dfenbahnlinie 3 in Richtung Bieblach-Ost. An der Haltestelle &#8222;Oststra\u00dfe&#8220; stieg ein den M\u00e4dchen unbekannter, scheinbar alkoholisierter Mann zu. Im weiteren Verlauf der Fahrt ber\u00fchrte der Unbekannte die beiden Gesch\u00e4digten gegen deren Willen an den Schultern. Nach bisherigen Erkenntnissen schubste der Unbekannte die 15-J\u00e4hrige daraufhin und schrie die beiden in fremder Sprache an. Nach Aussagen der beiden Jugendlichen solle der Mann zuvor einer der Polizei bislang unbekannten Frau ins Gesicht geschlagen haben. Der unbekannte Mann wurde durch die beiden Gesch\u00e4digten wie folgt beschrieben: 35 bis 40 Jahre alt und 180 Zentimeter gro\u00df, grau-braune Haare, Drei-Tage-Bart, keine Brille oder T\u00e4towierungen, vermutlich ukrainisch oder russisch, hagere Statur mit Bierbauch, schwarze Hose, dunkelblaue Jacke, dunkler Rucksack. Nun sucht die Polizei nach Zeugen, welche sachdienliche Hinweise zum Tatereignis oder zu einem m\u00f6glichen Tatverd\u00e4chtigen geben k\u00f6nnen. Zudem sucht die Polizei die weitere gesch\u00e4digte Frau, welche geschlagen wurde. Diese werden gebeten, sich bei der Polizei unter der Telefonnummer 0365 8290 zu melden. F\u00fcr diesen Fall muss die Bezugsnummer 0258857\/2025 angegeben werden.<\/p>\n","protected":false},"excerpt":{"rendered":"<div class=\"mh-excerpt\"><p>Am 4. Oktober 2025 gegen 17.45 Uhr fuhren eine 15- und 14-J\u00e4hrige mit der Stra\u00dfenbahnlinie 3 in Richtung Bieblach-Ost. An der Haltestelle &#8222;Oststra\u00dfe&#8220; stieg ein den M\u00e4dchen unbekannter, scheinbar alkoholisierter Mann zu. Im weiteren Verlauf <a class=\"mh-excerpt-more\" href=\"https:\/\/www.studiogera.de\/001\/2025\/10\/08\/belaestigung-im-oepnv\/\" title=\"BEL\u00c4STIGUNG IM \u00d6PNV\">[&#8230;]<\/a><\/p>\n<\/div>","protected":false},"author":3,"featured_media":9352,"comment_status":"open","ping_status":"open","sticky":false,"template":"","format":"standard","meta":{"footnotes":""},"categories":[13],"tags":[],"class_list":{"0":"post-39445","1":"post","2":"type-post","3":"status-publish","4":"format-standard","5":"has-post-thumbnail","7":"category-polizeiberichte"},"_links":{"self":[{"href":"https:\/\/www.studiogera.de\/001\/wp-json\/wp\/v2\/posts\/39445","targetHints":{"allow":["GET"]}}],"collection":[{"href":"https:\/\/www.studiogera.de\/001\/wp-json\/wp\/v2\/posts"}],"about":[{"href":"https:\/\/www.studiogera.de\/001\/wp-json\/wp\/v2\/types\/post"}],"author":[{"embeddable":true,"href":"https:\/\/www.studiogera.de\/001\/wp-json\/wp\/v2\/users\/3"}],"replies":[{"embeddable":true,"href":"https:\/\/www.studiogera.de\/001\/wp-json\/wp\/v2\/comments?post=39445"}],"version-history":[{"count":1,"href":"https:\/\/www.studiogera.de\/001\/wp-json\/wp\/v2\/posts\/39445\/revisions"}],"predecessor-version":[{"id":39446,"href":"https:\/\/www.studiogera.de\/001\/wp-json\/wp\/v2\/posts\/39445\/revisions\/39446"}],"wp:featuredmedia":[{"embeddable":true,"href":"https:\/\/www.studiogera.de\/001\/wp-json\/wp\/v2\/media\/9352"}],"wp:attachment":[{"href":"https:\/\/www.studiogera.de\/001\/wp-json\/wp\/v2\/media?parent=39445"}],"wp:term":[{"taxonomy":"category","embeddable":true,"href":"https:\/\/www.studiogera.de\/001\/wp-json\/wp\/v2\/categories?post=39445"},{"taxonomy":"post_tag","embeddable":true,"href":"https:\/\/www.studiogera.de\/001\/wp-json\/wp\/v2\/tags?post=39445"}],"curies":[{"name":"wp","href":"https:\/\/api.w.org\/{rel}","templated":true}]}}