{"id":39457,"date":"2025-10-09T10:13:24","date_gmt":"2025-10-09T08:13:24","guid":{"rendered":"https:\/\/www.studiogera.de\/001\/?p=39457"},"modified":"2025-10-09T10:13:24","modified_gmt":"2025-10-09T08:13:24","slug":"die-notendealer-kommen-wieder-nach-gera","status":"publish","type":"post","link":"https:\/\/www.studiogera.de\/001\/2025\/10\/09\/die-notendealer-kommen-wieder-nach-gera\/","title":{"rendered":"DIE NOTENDEALER KOMMEN WIEDER NACH GERA"},"content":{"rendered":"\n<p>Am Sonntag, den 26. Oktober 2025, 18 Uhr, pr\u00e4sentieren die Notendealer in der Spielst\u00e4tte B\u00fchne am Park Gera ihr aktuelles Programm \u201eBest of 2025\u201c \u2013 eine Mischung aus Comedy, Pop und Kabarett mit Lachgarantie.<\/p>\n\n\n\n<p>Seit \u00fcber 20 Jahren begeistern Tim Gernitz, Lars Kessler, Felix G\u00fcnther und Paul Fr\u00f6bel ihr Publikum mit einer einzigartigen Mischung aus Comedy, Kabarett und Musik. Was einst als Sch\u00fclerband bei einem Talentwettbewerb begann, ist heute ein deutschlandweit gefragter Live-Act mit Auftritten beispielsweise in Fernsehshows wie \u201eX Factor\u201c.<\/p>\n\n\n\n<p>Mit ihrem Mix aus Rock, Pop, Kabarett und Comedy erfinden die vier Freiberger Originale den Humor f\u00fcr jede Altersgruppe neu. Ihr Repertoire reicht von kreativen Coverversionen bekannter Songs bis hin zu eigenen Nummern \u2013 stets mit Witz, Spontanit\u00e4t und einer gro\u00dfen Portion Charme.<\/p>\n\n\n\n<p>Eintrittskarten sind an den Theaterkassen sowie \u00fcber die Webseite des Theaters erh\u00e4ltlich. Diese sind unter der Rufnummer 0365 8279105 bzw. 03447 585160 sowie \u00fcber \u201ehttps:\/\/theater-altenburg-gera.de\/\u201d erreichbar.<\/p>\n\n\n\n<p>QUELLE: THEATER ALTENBURG GERA GGMBH<\/p>\n","protected":false},"excerpt":{"rendered":"<div class=\"mh-excerpt\"><p>Am Sonntag, den 26. Oktober 2025, 18 Uhr, pr\u00e4sentieren die Notendealer in der Spielst\u00e4tte B\u00fchne am Park Gera ihr aktuelles Programm \u201eBest of 2025\u201c \u2013 eine Mischung aus Comedy, Pop und Kabarett mit Lachgarantie. Seit <a class=\"mh-excerpt-more\" href=\"https:\/\/www.studiogera.de\/001\/2025\/10\/09\/die-notendealer-kommen-wieder-nach-gera\/\" title=\"DIE NOTENDEALER KOMMEN WIEDER NACH GERA\">[&#8230;]<\/a><\/p>\n<\/div>","protected":false},"author":2,"featured_media":39458,"comment_status":"open","ping_status":"open","sticky":false,"template":"","format":"standard","meta":{"footnotes":""},"categories":[15],"tags":[],"class_list":{"0":"post-39457","1":"post","2":"type-post","3":"status-publish","4":"format-standard","5":"has-post-thumbnail","7":"category-theater"},"_links":{"self":[{"href":"https:\/\/www.studiogera.de\/001\/wp-json\/wp\/v2\/posts\/39457","targetHints":{"allow":["GET"]}}],"collection":[{"href":"https:\/\/www.studiogera.de\/001\/wp-json\/wp\/v2\/posts"}],"about":[{"href":"https:\/\/www.studiogera.de\/001\/wp-json\/wp\/v2\/types\/post"}],"author":[{"embeddable":true,"href":"https:\/\/www.studiogera.de\/001\/wp-json\/wp\/v2\/users\/2"}],"replies":[{"embeddable":true,"href":"https:\/\/www.studiogera.de\/001\/wp-json\/wp\/v2\/comments?post=39457"}],"version-history":[{"count":1,"href":"https:\/\/www.studiogera.de\/001\/wp-json\/wp\/v2\/posts\/39457\/revisions"}],"predecessor-version":[{"id":39459,"href":"https:\/\/www.studiogera.de\/001\/wp-json\/wp\/v2\/posts\/39457\/revisions\/39459"}],"wp:featuredmedia":[{"embeddable":true,"href":"https:\/\/www.studiogera.de\/001\/wp-json\/wp\/v2\/media\/39458"}],"wp:attachment":[{"href":"https:\/\/www.studiogera.de\/001\/wp-json\/wp\/v2\/media?parent=39457"}],"wp:term":[{"taxonomy":"category","embeddable":true,"href":"https:\/\/www.studiogera.de\/001\/wp-json\/wp\/v2\/categories?post=39457"},{"taxonomy":"post_tag","embeddable":true,"href":"https:\/\/www.studiogera.de\/001\/wp-json\/wp\/v2\/tags?post=39457"}],"curies":[{"name":"wp","href":"https:\/\/api.w.org\/{rel}","templated":true}]}}