{"id":39460,"date":"2025-10-09T10:23:00","date_gmt":"2025-10-09T08:23:00","guid":{"rendered":"https:\/\/www.studiogera.de\/001\/?p=39460"},"modified":"2025-10-09T10:23:01","modified_gmt":"2025-10-09T08:23:01","slug":"gera-erhaelt-thueringer-bibliothekspreis-2025","status":"publish","type":"post","link":"https:\/\/www.studiogera.de\/001\/2025\/10\/09\/gera-erhaelt-thueringer-bibliothekspreis-2025\/","title":{"rendered":"GERA ERH\u00c4LT TH\u00dcRINGER BIBLIOTHEKSPREIS 2025"},"content":{"rendered":"\n<p>Qualit\u00e4t zahlt sich aus: Die Stadt- und Regionalbibliothek Gera hat den Th\u00fcringer Bibliothekspreis 2025 gewonnen. Die st\u00e4dtische Einrichtung beeindruckte die Jury dabei vor allem durch ihr generations\u00fcbergreifendes Konzept. Mit den Lern- und \u00a0Bildungsinhalten der Bibliothek werden alle Altersgruppen angesprochen und erfahren zudem verbindende Angebote, die junge und \u00e4ltere Menschen zusammen bringen. Damit hat die Bibliothek eine Jury \u00fcberzeugt und erh\u00e4lt am 22. Oktober 2025 in Erfurt den mit 10&#8217;000 Euro dotieren Preis. Christina Martens, Leiterin der Stadt- und Regionalbibliothek Gera, erkl\u00e4rt:<\/p>\n\n\n\n<blockquote class=\"wp-block-quote is-layout-flow wp-block-quote-is-layout-flow\">\n<p>\u201eDass wir mit dem Th\u00fcringer Bibliothekspreis ausgezeichnet wurden, zeigt, dass wir mit unserem Konzept auf dem richtigen Weg sind. Eine Bibliothek ist heute nicht nur ein Ort zum Lesen, sondern ein Ort der Begegnung, des Lernens und der Gemeinschaft, die von allen Menschen genutzt werden kann.\u201c<\/p>\n<\/blockquote>\n\n\n\n<p>Die Geraer Stadt- und Regionalbibliothek bietet rund ums Jahr zahlreiche Veranstaltungsformate an, bei denen sich Interessierte informieren, selbst ausprobieren oder auch einfach Kontakte kn\u00fcpfen und die Gemeinschaft genie\u00dfen k\u00f6nnen. Neben Lesungen, Handarbeitstreffs oder auch dem beliebten Reparatur-Caf\u00e9, in dem defekte Ger\u00e4te fachkundig repariert werden k\u00f6nnen, werden auch Termine zum gemeinsamen Lego-Bauen, Gaming-Nachmittage oder auch Mitmachlernkurse zum 3D-Drucken angeboten. Ein sehr beliebtes Angebot ist auch der Digitale Dienstag, der \u00e4lteren B\u00fcrgerinnen und B\u00fcrgern bei der Nutzung von digitalen Medien und Ger\u00e4ten unterst\u00fctzt.<\/p>\n\n\n\n<p>QUELLE: STADTVERWALTUNG<\/p>\n","protected":false},"excerpt":{"rendered":"<div class=\"mh-excerpt\"><p>Qualit\u00e4t zahlt sich aus: Die Stadt- und Regionalbibliothek Gera hat den Th\u00fcringer Bibliothekspreis 2025 gewonnen. Die st\u00e4dtische Einrichtung beeindruckte die Jury dabei vor allem durch ihr generations\u00fcbergreifendes Konzept. Mit den Lern- und \u00a0Bildungsinhalten der Bibliothek <a class=\"mh-excerpt-more\" href=\"https:\/\/www.studiogera.de\/001\/2025\/10\/09\/gera-erhaelt-thueringer-bibliothekspreis-2025\/\" title=\"GERA ERH\u00c4LT TH\u00dcRINGER BIBLIOTHEKSPREIS 2025\">[&#8230;]<\/a><\/p>\n<\/div>","protected":false},"author":2,"featured_media":39462,"comment_status":"open","ping_status":"open","sticky":false,"template":"","format":"standard","meta":{"footnotes":""},"categories":[8],"tags":[],"class_list":{"0":"post-39460","1":"post","2":"type-post","3":"status-publish","4":"format-standard","5":"has-post-thumbnail","7":"category-kultur"},"_links":{"self":[{"href":"https:\/\/www.studiogera.de\/001\/wp-json\/wp\/v2\/posts\/39460","targetHints":{"allow":["GET"]}}],"collection":[{"href":"https:\/\/www.studiogera.de\/001\/wp-json\/wp\/v2\/posts"}],"about":[{"href":"https:\/\/www.studiogera.de\/001\/wp-json\/wp\/v2\/types\/post"}],"author":[{"embeddable":true,"href":"https:\/\/www.studiogera.de\/001\/wp-json\/wp\/v2\/users\/2"}],"replies":[{"embeddable":true,"href":"https:\/\/www.studiogera.de\/001\/wp-json\/wp\/v2\/comments?post=39460"}],"version-history":[{"count":1,"href":"https:\/\/www.studiogera.de\/001\/wp-json\/wp\/v2\/posts\/39460\/revisions"}],"predecessor-version":[{"id":39461,"href":"https:\/\/www.studiogera.de\/001\/wp-json\/wp\/v2\/posts\/39460\/revisions\/39461"}],"wp:featuredmedia":[{"embeddable":true,"href":"https:\/\/www.studiogera.de\/001\/wp-json\/wp\/v2\/media\/39462"}],"wp:attachment":[{"href":"https:\/\/www.studiogera.de\/001\/wp-json\/wp\/v2\/media?parent=39460"}],"wp:term":[{"taxonomy":"category","embeddable":true,"href":"https:\/\/www.studiogera.de\/001\/wp-json\/wp\/v2\/categories?post=39460"},{"taxonomy":"post_tag","embeddable":true,"href":"https:\/\/www.studiogera.de\/001\/wp-json\/wp\/v2\/tags?post=39460"}],"curies":[{"name":"wp","href":"https:\/\/api.w.org\/{rel}","templated":true}]}}