{"id":39465,"date":"2025-10-09T10:29:17","date_gmt":"2025-10-09T08:29:17","guid":{"rendered":"https:\/\/www.studiogera.de\/001\/?p=39465"},"modified":"2025-10-09T10:29:17","modified_gmt":"2025-10-09T08:29:17","slug":"fehlalarm-im-geraer-theater","status":"publish","type":"post","link":"https:\/\/www.studiogera.de\/001\/2025\/10\/09\/fehlalarm-im-geraer-theater\/","title":{"rendered":"FEHLALARM IM GERAER THEATER"},"content":{"rendered":"\n<p>Am 8. Oktober 2025 l\u00f6ste die Gasmeldeanlage im Geraer Theater in der Theaterstra\u00dfe gegen 21.45 Uhr Alarm aus. Durch den schnellen Einsatz der Feuerwehr konnte nach einer erfolgten Evakuierung ein Fehlalarm festgestellt werden. Es bestand zu keiner Zeit eine Gefahr f\u00fcr die im Objekt befindlichen Personen oder die Bev\u00f6lkerung. Es kam zu kurzzeitigen Verkehrsbehinderungen im Bereich der Theaterstra\u00dfe. Ein Sachschaden ist nicht entstanden.<\/p>\n","protected":false},"excerpt":{"rendered":"<div class=\"mh-excerpt\"><p>Am 8. Oktober 2025 l\u00f6ste die Gasmeldeanlage im Geraer Theater in der Theaterstra\u00dfe gegen 21.45 Uhr Alarm aus. Durch den schnellen Einsatz der Feuerwehr konnte nach einer erfolgten Evakuierung ein Fehlalarm festgestellt werden. Es bestand <a class=\"mh-excerpt-more\" href=\"https:\/\/www.studiogera.de\/001\/2025\/10\/09\/fehlalarm-im-geraer-theater\/\" title=\"FEHLALARM IM GERAER THEATER\">[&#8230;]<\/a><\/p>\n<\/div>","protected":false},"author":2,"featured_media":33267,"comment_status":"open","ping_status":"open","sticky":false,"template":"","format":"standard","meta":{"footnotes":""},"categories":[13],"tags":[],"class_list":{"0":"post-39465","1":"post","2":"type-post","3":"status-publish","4":"format-standard","5":"has-post-thumbnail","7":"category-polizeiberichte"},"_links":{"self":[{"href":"https:\/\/www.studiogera.de\/001\/wp-json\/wp\/v2\/posts\/39465","targetHints":{"allow":["GET"]}}],"collection":[{"href":"https:\/\/www.studiogera.de\/001\/wp-json\/wp\/v2\/posts"}],"about":[{"href":"https:\/\/www.studiogera.de\/001\/wp-json\/wp\/v2\/types\/post"}],"author":[{"embeddable":true,"href":"https:\/\/www.studiogera.de\/001\/wp-json\/wp\/v2\/users\/2"}],"replies":[{"embeddable":true,"href":"https:\/\/www.studiogera.de\/001\/wp-json\/wp\/v2\/comments?post=39465"}],"version-history":[{"count":1,"href":"https:\/\/www.studiogera.de\/001\/wp-json\/wp\/v2\/posts\/39465\/revisions"}],"predecessor-version":[{"id":39466,"href":"https:\/\/www.studiogera.de\/001\/wp-json\/wp\/v2\/posts\/39465\/revisions\/39466"}],"wp:featuredmedia":[{"embeddable":true,"href":"https:\/\/www.studiogera.de\/001\/wp-json\/wp\/v2\/media\/33267"}],"wp:attachment":[{"href":"https:\/\/www.studiogera.de\/001\/wp-json\/wp\/v2\/media?parent=39465"}],"wp:term":[{"taxonomy":"category","embeddable":true,"href":"https:\/\/www.studiogera.de\/001\/wp-json\/wp\/v2\/categories?post=39465"},{"taxonomy":"post_tag","embeddable":true,"href":"https:\/\/www.studiogera.de\/001\/wp-json\/wp\/v2\/tags?post=39465"}],"curies":[{"name":"wp","href":"https:\/\/api.w.org\/{rel}","templated":true}]}}