{"id":39467,"date":"2025-10-09T10:37:33","date_gmt":"2025-10-09T08:37:33","guid":{"rendered":"https:\/\/www.studiogera.de\/001\/?p=39467"},"modified":"2025-10-09T10:37:34","modified_gmt":"2025-10-09T08:37:34","slug":"kabarettduo-bringt-beziehungswahnsinn-auf-die-buehne","status":"publish","type":"post","link":"https:\/\/www.studiogera.de\/001\/2025\/10\/09\/kabarettduo-bringt-beziehungswahnsinn-auf-die-buehne\/","title":{"rendered":"KABARETTDUO BRINGT BEZIEHUNGSWAHNSINN AUF DIE B\u00dcHNE"},"content":{"rendered":"\n<p>Nach dem gro\u00dfen Erfolg von \u201ePaarshit\u201c legen die beiden Dresdner Vollblutkomiker Mandy Partzsch und Erik Lehmann nach: Am Samstag, den 11. Oktober, 19.30 Uhr, ist ihr neues Programm \u201ePaarshit happens \u2013 Zweiter Aufguss\u201c im Gro\u00dfen Haus Gera zu erleben.<\/p>\n\n\n\n<p>Unter dem Motto \u201eSchwitzen, schwatzen, Schwierigkeiten\u201c nehmen Partzsch und Lehmann erneut die T\u00fccken des Zusammenlebens aufs Korn \u2013 und das noch sch\u00e4rfer, noch bissiger, noch witziger als zuvor. Von feuriger Liebe bis eiskalter Dusche, von M\u00e4nnerschnupfen kontra Migr\u00e4ne \u00fcber Dekowahn versus Rasenpflege bis hin zu Bier gegen Aperol Spritz \u2013 hier bleibt kein Klischee unbespielt.<\/p>\n\n\n\n<p>Ob Macho oder Meckerziege, Weichei oder Domina, Grillmeister oder Di\u00e4tfetischist \u2013 in diesem kabarettistischen Schlagabtausch bekommt jede und jeder sein Fett weg. Das krisenerprobte Duo zeigt sich enorm wandlungsf\u00e4hig, jagt von einer skurrilen Szene zur n\u00e4chsten und attackiert die Lachmuskeln des Publikums.<\/p>\n\n\n\n<p>Eintrittskarten sind an den Theaterkassen sowie \u00fcber die Webseite des Theaters erh\u00e4ltlich. Diese sind unter der Rufnummer 0365 8279105 bzw. 03447 585160 sowie \u00fcber \u201ehttps:\/\/theater-altenburg-gera.de\/\u201d erreichbar.<\/p>\n\n\n\n<p>QUELLE: THEATER ALTENBURG GERA GGMBH<\/p>\n","protected":false},"excerpt":{"rendered":"<div class=\"mh-excerpt\"><p>Nach dem gro\u00dfen Erfolg von \u201ePaarshit\u201c legen die beiden Dresdner Vollblutkomiker Mandy Partzsch und Erik Lehmann nach: Am Samstag, den 11. Oktober, 19.30 Uhr, ist ihr neues Programm \u201ePaarshit happens \u2013 Zweiter Aufguss\u201c im Gro\u00dfen <a class=\"mh-excerpt-more\" href=\"https:\/\/www.studiogera.de\/001\/2025\/10\/09\/kabarettduo-bringt-beziehungswahnsinn-auf-die-buehne\/\" title=\"KABARETTDUO BRINGT BEZIEHUNGSWAHNSINN AUF DIE B\u00dcHNE\">[&#8230;]<\/a><\/p>\n<\/div>","protected":false},"author":2,"featured_media":39468,"comment_status":"open","ping_status":"open","sticky":false,"template":"","format":"standard","meta":{"footnotes":""},"categories":[15],"tags":[],"class_list":{"0":"post-39467","1":"post","2":"type-post","3":"status-publish","4":"format-standard","5":"has-post-thumbnail","7":"category-theater"},"_links":{"self":[{"href":"https:\/\/www.studiogera.de\/001\/wp-json\/wp\/v2\/posts\/39467","targetHints":{"allow":["GET"]}}],"collection":[{"href":"https:\/\/www.studiogera.de\/001\/wp-json\/wp\/v2\/posts"}],"about":[{"href":"https:\/\/www.studiogera.de\/001\/wp-json\/wp\/v2\/types\/post"}],"author":[{"embeddable":true,"href":"https:\/\/www.studiogera.de\/001\/wp-json\/wp\/v2\/users\/2"}],"replies":[{"embeddable":true,"href":"https:\/\/www.studiogera.de\/001\/wp-json\/wp\/v2\/comments?post=39467"}],"version-history":[{"count":1,"href":"https:\/\/www.studiogera.de\/001\/wp-json\/wp\/v2\/posts\/39467\/revisions"}],"predecessor-version":[{"id":39469,"href":"https:\/\/www.studiogera.de\/001\/wp-json\/wp\/v2\/posts\/39467\/revisions\/39469"}],"wp:featuredmedia":[{"embeddable":true,"href":"https:\/\/www.studiogera.de\/001\/wp-json\/wp\/v2\/media\/39468"}],"wp:attachment":[{"href":"https:\/\/www.studiogera.de\/001\/wp-json\/wp\/v2\/media?parent=39467"}],"wp:term":[{"taxonomy":"category","embeddable":true,"href":"https:\/\/www.studiogera.de\/001\/wp-json\/wp\/v2\/categories?post=39467"},{"taxonomy":"post_tag","embeddable":true,"href":"https:\/\/www.studiogera.de\/001\/wp-json\/wp\/v2\/tags?post=39467"}],"curies":[{"name":"wp","href":"https:\/\/api.w.org\/{rel}","templated":true}]}}