{"id":3947,"date":"2018-05-27T21:57:12","date_gmt":"2018-05-27T19:57:12","guid":{"rendered":"http:\/\/www.studiogera.de\/001\/?p=3947"},"modified":"2018-05-27T21:57:12","modified_gmt":"2018-05-27T19:57:12","slug":"geraer-musiktalente-beim-bundeswettbewerb","status":"publish","type":"post","link":"https:\/\/www.studiogera.de\/001\/2018\/05\/27\/geraer-musiktalente-beim-bundeswettbewerb\/","title":{"rendered":"GERAER MUSIKTALENTE BEIM BUNDESWETTBEWERB"},"content":{"rendered":"<p>Vier Geraer Musiktalente der Musikschule \u201eHeinrich Sch\u00fctz\u201c erhielten einen dritten Preis beim 55. Bundeswettbewerb \u201eJugend musiziert\u201c mit 2600 Teilnehmern im Alter von 13 bis 27 Jahren in der Hansestadt L\u00fcbeck. Der Wettbewerb fand vom 17. bis 24. Mai 2018 statt.<\/p>\n<p>Die vier Musiktalente wurden durch ihre ausgezeichneten Platzierungen beim Landeswettbewerb \u201eJugend musiziert\u201c zum 55. Bundeswettbewerb delegiert. Es sind Clara und Paula Teichm\u00fcller, Wertung: Klavier vierh\u00e4ndig (Klasse Astrid Steinh\u00f6fel); Johannes Deutsch Wertung: Klarinette (Klasse Frau Tupaika); Nico Sonack Wertung (Klasse Frau Warnstedt): Mandoline. Schon die Delegierung zu diesem Wettbewerb ist eine gro\u00dfe Auszeichnung. Das alle vier Teilnehmer einen dritten Preis erreichen konnten, ist f\u00fcr die Musiktalente ein gro\u00dfer Meilenstein in ihrem musikalischen Werdegang. Bei einem Empfang am Donnerstag, den 31. Mai 2018, 13 Uhr, werden die Preistr\u00e4ger mit ihren Lehrerinnen und Korrepetitoren von der Leiterin des Fachdienstes Bildung, Saskia Leupold-Grunewald, und der Leiterin der Musikschule \u201eHeinrich Sch\u00fctz\u201c, Karin M\u00fcller, besonders geehrt und k\u00f6nnen von ihrem Konzerterlebnis sicherlich viel berichten.<\/p>\n<p>Der Wettbewerb \u201eJugend musiziert\u201c findet j\u00e4hrlich unter dem Dach des Deutschen Musikrates seit 1964 statt.<\/p>\n<p>QUELLE: STADTVERWALTUNG<\/p>\n","protected":false},"excerpt":{"rendered":"<div class=\"mh-excerpt\"><p>Vier Geraer Musiktalente der Musikschule \u201eHeinrich Sch\u00fctz\u201c erhielten einen dritten Preis beim 55. Bundeswettbewerb \u201eJugend musiziert\u201c mit 2600 Teilnehmern im Alter von 13 bis 27 Jahren in der Hansestadt L\u00fcbeck. Der Wettbewerb fand vom 17. <a class=\"mh-excerpt-more\" href=\"https:\/\/www.studiogera.de\/001\/2018\/05\/27\/geraer-musiktalente-beim-bundeswettbewerb\/\" title=\"GERAER MUSIKTALENTE BEIM BUNDESWETTBEWERB\">[&#8230;]<\/a><\/p>\n<\/div>","protected":false},"author":2,"featured_media":3948,"comment_status":"open","ping_status":"open","sticky":false,"template":"","format":"standard","meta":{"footnotes":""},"categories":[8],"tags":[],"class_list":{"0":"post-3947","1":"post","2":"type-post","3":"status-publish","4":"format-standard","5":"has-post-thumbnail","7":"category-kultur"},"_links":{"self":[{"href":"https:\/\/www.studiogera.de\/001\/wp-json\/wp\/v2\/posts\/3947","targetHints":{"allow":["GET"]}}],"collection":[{"href":"https:\/\/www.studiogera.de\/001\/wp-json\/wp\/v2\/posts"}],"about":[{"href":"https:\/\/www.studiogera.de\/001\/wp-json\/wp\/v2\/types\/post"}],"author":[{"embeddable":true,"href":"https:\/\/www.studiogera.de\/001\/wp-json\/wp\/v2\/users\/2"}],"replies":[{"embeddable":true,"href":"https:\/\/www.studiogera.de\/001\/wp-json\/wp\/v2\/comments?post=3947"}],"version-history":[{"count":1,"href":"https:\/\/www.studiogera.de\/001\/wp-json\/wp\/v2\/posts\/3947\/revisions"}],"predecessor-version":[{"id":3949,"href":"https:\/\/www.studiogera.de\/001\/wp-json\/wp\/v2\/posts\/3947\/revisions\/3949"}],"wp:featuredmedia":[{"embeddable":true,"href":"https:\/\/www.studiogera.de\/001\/wp-json\/wp\/v2\/media\/3948"}],"wp:attachment":[{"href":"https:\/\/www.studiogera.de\/001\/wp-json\/wp\/v2\/media?parent=3947"}],"wp:term":[{"taxonomy":"category","embeddable":true,"href":"https:\/\/www.studiogera.de\/001\/wp-json\/wp\/v2\/categories?post=3947"},{"taxonomy":"post_tag","embeddable":true,"href":"https:\/\/www.studiogera.de\/001\/wp-json\/wp\/v2\/tags?post=3947"}],"curies":[{"name":"wp","href":"https:\/\/api.w.org\/{rel}","templated":true}]}}