{"id":39488,"date":"2025-10-11T09:10:32","date_gmt":"2025-10-11T07:10:32","guid":{"rendered":"https:\/\/www.studiogera.de\/001\/?p=39488"},"modified":"2025-10-11T09:10:33","modified_gmt":"2025-10-11T07:10:33","slug":"vorzeitige-rodung-im-dahliengarten","status":"publish","type":"post","link":"https:\/\/www.studiogera.de\/001\/2025\/10\/11\/vorzeitige-rodung-im-dahliengarten\/","title":{"rendered":"VORZEITIGE RODUNG IM DAHLIENGARTEN"},"content":{"rendered":"\n<p>Die Dahlienbl\u00fcte im \u00e4ltesten Dahlienschaugarten Deutschlands neigt sich dem Ende zu. Die Witterung der vergangenen Tage und die k\u00fchle Nacht vom 2. zum 3. Oktober haben den prachtvollen Sommerbl\u00fchern sichtbar zugesetzt. Aus diesem Grund haben die Mitarbeiter des Amtes f\u00fcr Stadtgr\u00fcn gemeinsam mit der Otegau vorzeitig damit begonnen, die Pflanzen zur\u00fcckzuschneiden und die Dahlienknollen zu entnehmen.<\/p>\n\n\n\n<p>Die Rodungsarbeiten werden voraussichtlich bis in die 43. Kalenderwoche andauern. Bis dahin besteht f\u00fcr Besucher noch einmal die Gelegenheit, die letzten Bl\u00fcten der vielf\u00e4ltigen Dahliensammlung zu bewundern.<\/p>\n\n\n\n<p>Wie bereits in den Vorjahren findet kein Verkauf von Dahlienknollen statt. Die entnommenen Knollen werden \u00fcber den Winter fachgerecht eingelagert. Ein Teil von ihnen wird im kommenden Jahr wieder im Dahliengarten Verwendung finden. Erg\u00e4nzend dazu werden im Jahr 2026 weitere Knollen von einer regionalen G\u00e4rtnerei bezogen, um die Vielfalt und Bl\u00fctenpracht des Gartens zu erhalten. Die \u00fcbrigen eingelagerten Knollen sollen 2026 an anderer Stelle im Stadtgebiet gepflanzt oder f\u00fcr weitere Projekte verwendet werden.<\/p>\n\n\n\n<p>QUELLE: STADTVERWALTUNG<\/p>\n","protected":false},"excerpt":{"rendered":"<div class=\"mh-excerpt\"><p>Die Dahlienbl\u00fcte im \u00e4ltesten Dahlienschaugarten Deutschlands neigt sich dem Ende zu. Die Witterung der vergangenen Tage und die k\u00fchle Nacht vom 2. zum 3. Oktober haben den prachtvollen Sommerbl\u00fchern sichtbar zugesetzt. Aus diesem Grund haben <a class=\"mh-excerpt-more\" href=\"https:\/\/www.studiogera.de\/001\/2025\/10\/11\/vorzeitige-rodung-im-dahliengarten\/\" title=\"VORZEITIGE RODUNG IM DAHLIENGARTEN\">[&#8230;]<\/a><\/p>\n<\/div>","protected":false},"author":2,"featured_media":39496,"comment_status":"open","ping_status":"open","sticky":false,"template":"","format":"standard","meta":{"footnotes":""},"categories":[8],"tags":[],"class_list":{"0":"post-39488","1":"post","2":"type-post","3":"status-publish","4":"format-standard","5":"has-post-thumbnail","7":"category-kultur"},"_links":{"self":[{"href":"https:\/\/www.studiogera.de\/001\/wp-json\/wp\/v2\/posts\/39488","targetHints":{"allow":["GET"]}}],"collection":[{"href":"https:\/\/www.studiogera.de\/001\/wp-json\/wp\/v2\/posts"}],"about":[{"href":"https:\/\/www.studiogera.de\/001\/wp-json\/wp\/v2\/types\/post"}],"author":[{"embeddable":true,"href":"https:\/\/www.studiogera.de\/001\/wp-json\/wp\/v2\/users\/2"}],"replies":[{"embeddable":true,"href":"https:\/\/www.studiogera.de\/001\/wp-json\/wp\/v2\/comments?post=39488"}],"version-history":[{"count":2,"href":"https:\/\/www.studiogera.de\/001\/wp-json\/wp\/v2\/posts\/39488\/revisions"}],"predecessor-version":[{"id":39497,"href":"https:\/\/www.studiogera.de\/001\/wp-json\/wp\/v2\/posts\/39488\/revisions\/39497"}],"wp:featuredmedia":[{"embeddable":true,"href":"https:\/\/www.studiogera.de\/001\/wp-json\/wp\/v2\/media\/39496"}],"wp:attachment":[{"href":"https:\/\/www.studiogera.de\/001\/wp-json\/wp\/v2\/media?parent=39488"}],"wp:term":[{"taxonomy":"category","embeddable":true,"href":"https:\/\/www.studiogera.de\/001\/wp-json\/wp\/v2\/categories?post=39488"},{"taxonomy":"post_tag","embeddable":true,"href":"https:\/\/www.studiogera.de\/001\/wp-json\/wp\/v2\/tags?post=39488"}],"curies":[{"name":"wp","href":"https:\/\/api.w.org\/{rel}","templated":true}]}}