{"id":39493,"date":"2025-10-11T08:59:56","date_gmt":"2025-10-11T06:59:56","guid":{"rendered":"https:\/\/www.studiogera.de\/001\/?p=39493"},"modified":"2025-10-11T10:25:57","modified_gmt":"2025-10-11T08:25:57","slug":"veranstaltungen-am-samstag-115","status":"publish","type":"post","link":"https:\/\/www.studiogera.de\/001\/2025\/10\/11\/veranstaltungen-am-samstag-115\/","title":{"rendered":"VERANSTALTUNGEN AM SAMSTAG"},"content":{"rendered":"\n<p>Die Gr\u00fcnen laden von 8 Uhr bis 10 Uhr zum Frauenbrunch in das Gr\u00fcne B\u00fcro in der Heinrichstra\u00dfe 50 ein. Vor dem Stadtmuseum ist von 10 Uhr bis 13 Uhr die AFD mit einem Informationsstand pr\u00e4sent.<\/p>\n\n\n\n<p>Emma Allestein, eine der erfolgreichsten Kochbuchautorinnen Deutschlands vergangener Zeiten, l\u00e4dt von 10.45 Uhr bis 13.45 Uhr zu einem kulinarischen Spaziergang durch Gersche Gassen ein, beginnend auf dem Marktplatz. Veranstalter ist der Verein G\u00e4stef\u00fchrer Region Gera.<\/p>\n\n\n\n<p>Um 11 Uhr beginnt ein einst\u00fcndiger \u00f6ffentlicher Rundgang durch die Altstadt. Treffpunkt ist die Gera-Information.<\/p>\n\n\n\n<p>Das Museum f\u00fcr Naturkunde widmet sich in seiner neuen Ausstellung den Tieren der Nacht. Die Besucher erfahren au\u00dferdem Wissenswertes zur Geologie, Flora und Fauna Ostth\u00fcringens und k\u00f6nnen verschiendene Mineralien und nat\u00fcrlich entstandene Gl\u00e4ser bestaunen.<\/p>\n\n\n\n<p>Eva-Maria Fastenau und Michael Seeboth pr\u00e4sentieren von 13 Uhr bis 15.15 Uhr im Rathauskeller ihr B\u00fchnenprogramm \u201eEine Frau, die schweigt, unterbricht Mann nicht\u201c.<\/p>\n\n\n\n<p>Zwischen 14 Uhr und 17 Uhr finden im Kultur- und Kongresszentrum F\u00fchrungen zur Ostmoderne statt.<\/p>\n\n\n\n<p>Im Trebnitzer Jugendclub wird um 17 Uhr das Oktoberfest er\u00f6ffnet. Es treten unter anderem die R\u00fcdersdorfer Schalmeien auf. Informationen zur Veranstaltung, zur Tischplatzresiervierung und zu den Eintrittskarten sind unter der Rufnummer +491734554206 erh\u00e4ltlich.<\/p>\n\n\n\n<p>Zum Spieletreff in die Eisenbahnstra\u00dfe 5 sind Interessierte von 18 Uhr bis 22 Uhr eingeladen.<\/p>\n\n\n\n<p>In der Bibliothek am Puschkinplatz stellen Sarah Grund und Josi Wismar von 19.30 Uhr bis 21 Uhr ihr Buch \u201eFractured Fates\u201c vor. Seit 2020 f\u00fchren sie den Podcast \u201eAusgelesen\u201c.<\/p>\n\n\n\n<p>Im Spiegelzelt im ehemaligen reu\u00dfischen Hof- und Kammergut findet die Variet\u00e9-Show \u201eHotel Tropical\u201c statt \u2014 eine Veranstaltung, die das Spiegelzelt in ein stilvolles Art-Deco-Hotel verwandelt und ein unvergessliches Urlaubserlebnis mit internationalen Artistik, Musik sowie exotischen Cocktails bietet. Die Nachmittagsauff\u00fchrung beginnt um 15 Uhr mit Einlass um 14 Uhr, das Abendprogramm um 20 Uhr mit Einlass um 19 Uhr. Das Programm dauert jewels zwei Stunden.<\/p>\n\n\n\n<p>Um 22 Uhr \u00f6ffnet der Seven-Club im Geb\u00e4ude des Hauptbahnhofes. DJ Schubi legt Musik der 1980er und 1990er Jahre auf. Der Zutritt ist erst ab einem Alter von 18 Jahren m\u00f6glich. Es wird ein Erscheinen in angemessener Kleidung erwartet. Eintrittskarten sind an der Abendkasse erh\u00e4ltlich; es findet kein Vorverkauf statt. Mit der Applikation des Veranstalters k\u00f6nnen Verg\u00fcnstigungen in Anspruch genommen werden.<\/p>\n","protected":false},"excerpt":{"rendered":"<div class=\"mh-excerpt\"><p>Die Gr\u00fcnen laden von 8 Uhr bis 10 Uhr zum Frauenbrunch in das Gr\u00fcne B\u00fcro in der Heinrichstra\u00dfe 50 ein. Vor dem Stadtmuseum ist von 10 Uhr bis 13 Uhr die AFD mit einem Informationsstand <a class=\"mh-excerpt-more\" href=\"https:\/\/www.studiogera.de\/001\/2025\/10\/11\/veranstaltungen-am-samstag-115\/\" title=\"VERANSTALTUNGEN AM SAMSTAG\">[&#8230;]<\/a><\/p>\n<\/div>","protected":false},"author":2,"featured_media":34918,"comment_status":"open","ping_status":"open","sticky":false,"template":"","format":"standard","meta":{"footnotes":""},"categories":[16],"tags":[],"class_list":{"0":"post-39493","1":"post","2":"type-post","3":"status-publish","4":"format-standard","5":"has-post-thumbnail","7":"category-kurzmitteilungen"},"_links":{"self":[{"href":"https:\/\/www.studiogera.de\/001\/wp-json\/wp\/v2\/posts\/39493","targetHints":{"allow":["GET"]}}],"collection":[{"href":"https:\/\/www.studiogera.de\/001\/wp-json\/wp\/v2\/posts"}],"about":[{"href":"https:\/\/www.studiogera.de\/001\/wp-json\/wp\/v2\/types\/post"}],"author":[{"embeddable":true,"href":"https:\/\/www.studiogera.de\/001\/wp-json\/wp\/v2\/users\/2"}],"replies":[{"embeddable":true,"href":"https:\/\/www.studiogera.de\/001\/wp-json\/wp\/v2\/comments?post=39493"}],"version-history":[{"count":3,"href":"https:\/\/www.studiogera.de\/001\/wp-json\/wp\/v2\/posts\/39493\/revisions"}],"predecessor-version":[{"id":39498,"href":"https:\/\/www.studiogera.de\/001\/wp-json\/wp\/v2\/posts\/39493\/revisions\/39498"}],"wp:featuredmedia":[{"embeddable":true,"href":"https:\/\/www.studiogera.de\/001\/wp-json\/wp\/v2\/media\/34918"}],"wp:attachment":[{"href":"https:\/\/www.studiogera.de\/001\/wp-json\/wp\/v2\/media?parent=39493"}],"wp:term":[{"taxonomy":"category","embeddable":true,"href":"https:\/\/www.studiogera.de\/001\/wp-json\/wp\/v2\/categories?post=39493"},{"taxonomy":"post_tag","embeddable":true,"href":"https:\/\/www.studiogera.de\/001\/wp-json\/wp\/v2\/tags?post=39493"}],"curies":[{"name":"wp","href":"https:\/\/api.w.org\/{rel}","templated":true}]}}