{"id":39500,"date":"2025-10-11T13:20:24","date_gmt":"2025-10-11T11:20:24","guid":{"rendered":"https:\/\/www.studiogera.de\/001\/?p=39500"},"modified":"2025-10-11T13:20:24","modified_gmt":"2025-10-11T11:20:24","slug":"die-zunehmende-gefahr-innerer-unruhen","status":"publish","type":"post","link":"https:\/\/www.studiogera.de\/001\/2025\/10\/11\/die-zunehmende-gefahr-innerer-unruhen\/","title":{"rendered":"DIE ZUNEHMENDE GEFAHR INNERER UNRUHEN"},"content":{"rendered":"\n<p><em>Wenn gesellschaftliche Ungleichgewichte und Misstrauen zunehmen, l\u00f6sen sich bestehende Konventionen auf. Politische Konflikte k\u00f6nnen bis hin zu gewaltsamen Auseinandersetzungen eskalieren.<\/em><\/p>\n\n\n\n<p>Zeiten gr\u00f6\u00dftm\u00f6glicher Freiheiten sind in der Regel nicht von unendlicher Dauer. Wie die Geschichte zeigt, m\u00fcnden sie fr\u00fcher oder sp\u00e4ter im Chaos, wodurch das Verlangen nach Ordnung entsteht. Mit der sich verschlechternden Lebenssituation entbrennt ein Streit dar\u00fcber, welche Art von Ordnung, welches System die Zukunft bestimmen soll.<\/p>\n\n\n\n<p>Im Wesentlichen bilden sich zwei Str\u00f6mungen heraus, die sich immer weiter voneinander entfernen. Die Gegens\u00e4tzlichkeiten sind ein Resultat unterschiedlicher Vorstellungen von Freiheit und gesellschaftlicher Verantwortung, Kapitalverteilung und allgemeiner Wohlstand. Darf sich der konstitutionell und materiell Bevorteilte entsprechend seinen M\u00f6glichkeiten weiterhin frei entfalten oder muss er einen gr\u00f6\u00dferen Beitrag f\u00fcr die benachteiligten, zur\u00fcckgebliebenen und weniger ambitionierten Menschen leisten? An dieser Frage entscheidet sich, wie die Verm\u00f6gen in einer Gesellschaft verteilt sind, und wer \u00fcberhaupt als Mitglied der Gesellschaft anerkannt wird.<\/p>\n\n\n\n<p>Wachsende Ungleichgewichte, die eine R\u00fcckkehr zum gewohnten Zusammenleben unm\u00f6glich machen, dr\u00e4ngen zur Entscheidung. Doch ab einem gewissen Punkt kann die eine Str\u00f6mung ihren Weg nur noch dann fortsetzen, wenn die andere nicht mehr existiert, w\u00e4hrend die langsam zerbr\u00f6selnde alte Ordnung immer gr\u00f6\u00dfere Existenz\u00e4ngste ausl\u00f6st und den Handlungsdruck erh\u00f6ht.<\/p>\n\n\n\n<p>Beide Lager haben es sich zur Aufgabe gemacht, eine entstandene Ungerechtigkeit wieder r\u00fcckg\u00e4ngig zu machen. Jeder sieht sie aber woanders, was ausschlaggebend f\u00fcr die Zukunftsvision ist. Sollen alle Menschen ann\u00e4hernd dasselbe besitzen und dieselben M\u00f6glichkeiten haben, obwohl sich jeder mit ganz unterschiedlichen Kr\u00e4ften in das System einbringt?<\/p>\n\n\n\n<p>Es werden Grenzen gefordert \u2014 die einen wollen sie f\u00fcr Verm\u00f6gen, die anderen f\u00fcr den sozialen Bereich. Was die Anh\u00e4nger der Popularen als gerecht empfinden, ist f\u00fcr die Optimaten ungerecht. Sie f\u00fchlen sich beraubt und ausgebremst. W\u00e4hrenddessen nimmt das Vertrauen in die Politik ab. Jede Seite wirft der anderen T\u00e4uschung vor, und etwas anderes anzustreben, als vorgegeben wird. Ein Streit um die richtige Deutung entbrennt. Mit der Verwirrung w\u00e4chst das Verlangen nach klaren, unmissverst\u00e4ndlichen Botschaften. Wer sie auf sich wirken l\u00e4sst und bislang nur Aversionen gegen\u00fcber seinen politischen Gegnern hegte, wird zur Abwehr ermuntert.<\/p>\n\n\n\n<p>Die Spannung zwischen Freiheit und Gleichheit nimmt zu. Sozial egalit\u00e4re und marktliberale Kr\u00e4fte sind nicht mehr zusammenzubringen. Es werden Feindbilder gezeichnet. Am Ende kann die Lebensvorstellung der einen Seite nur mit Gewalt gegen\u00fcber der anderen durchgesetzt werden, weil diese mit gleicher Vehemenz f\u00fcr ihre \u00dcberzeugungen k\u00e4mpft. Angezehrt von der Krise, geben sich immer mehr Menschen der Vision ihrer Bewegung hin und verabschieden sich dabei von fr\u00fcheren gesellschaftlichen Konventionen. Entscheidende Vorstufen f\u00fcr die auf den ausgelebten Unmut folgende Staatsform sind damit bereits vorhanden.<\/p>\n","protected":false},"excerpt":{"rendered":"<div class=\"mh-excerpt\"><p>Wenn gesellschaftliche Ungleichgewichte und Misstrauen zunehmen, l\u00f6sen sich bestehende Konventionen auf. Politische Konflikte k\u00f6nnen bis hin zu gewaltsamen Auseinandersetzungen eskalieren. Zeiten gr\u00f6\u00dftm\u00f6glicher Freiheiten sind in der Regel nicht von unendlicher Dauer. Wie die Geschichte zeigt, <a class=\"mh-excerpt-more\" href=\"https:\/\/www.studiogera.de\/001\/2025\/10\/11\/die-zunehmende-gefahr-innerer-unruhen\/\" title=\"DIE ZUNEHMENDE GEFAHR INNERER UNRUHEN\">[&#8230;]<\/a><\/p>\n<\/div>","protected":false},"author":2,"featured_media":39502,"comment_status":"open","ping_status":"open","sticky":false,"template":"","format":"standard","meta":{"footnotes":""},"categories":[6],"tags":[],"class_list":{"0":"post-39500","1":"post","2":"type-post","3":"status-publish","4":"format-standard","5":"has-post-thumbnail","7":"category-gesellschaft"},"_links":{"self":[{"href":"https:\/\/www.studiogera.de\/001\/wp-json\/wp\/v2\/posts\/39500","targetHints":{"allow":["GET"]}}],"collection":[{"href":"https:\/\/www.studiogera.de\/001\/wp-json\/wp\/v2\/posts"}],"about":[{"href":"https:\/\/www.studiogera.de\/001\/wp-json\/wp\/v2\/types\/post"}],"author":[{"embeddable":true,"href":"https:\/\/www.studiogera.de\/001\/wp-json\/wp\/v2\/users\/2"}],"replies":[{"embeddable":true,"href":"https:\/\/www.studiogera.de\/001\/wp-json\/wp\/v2\/comments?post=39500"}],"version-history":[{"count":2,"href":"https:\/\/www.studiogera.de\/001\/wp-json\/wp\/v2\/posts\/39500\/revisions"}],"predecessor-version":[{"id":39503,"href":"https:\/\/www.studiogera.de\/001\/wp-json\/wp\/v2\/posts\/39500\/revisions\/39503"}],"wp:featuredmedia":[{"embeddable":true,"href":"https:\/\/www.studiogera.de\/001\/wp-json\/wp\/v2\/media\/39502"}],"wp:attachment":[{"href":"https:\/\/www.studiogera.de\/001\/wp-json\/wp\/v2\/media?parent=39500"}],"wp:term":[{"taxonomy":"category","embeddable":true,"href":"https:\/\/www.studiogera.de\/001\/wp-json\/wp\/v2\/categories?post=39500"},{"taxonomy":"post_tag","embeddable":true,"href":"https:\/\/www.studiogera.de\/001\/wp-json\/wp\/v2\/tags?post=39500"}],"curies":[{"name":"wp","href":"https:\/\/api.w.org\/{rel}","templated":true}]}}