{"id":39504,"date":"2025-10-11T13:31:15","date_gmt":"2025-10-11T11:31:15","guid":{"rendered":"https:\/\/www.studiogera.de\/001\/?p=39504"},"modified":"2025-10-11T13:31:16","modified_gmt":"2025-10-11T11:31:16","slug":"winterfestmachung-der-staedtischen-brunnen","status":"publish","type":"post","link":"https:\/\/www.studiogera.de\/001\/2025\/10\/11\/winterfestmachung-der-staedtischen-brunnen\/","title":{"rendered":"WINTERFESTMACHUNG DER ST\u00c4DTISCHEN BRUNNEN"},"content":{"rendered":"\n<p>Traditionell beginnen die Mitarbeiter des Amts f\u00fcr Stadtgr\u00fcn Mitte Oktober mit der Winterfestmachung der st\u00e4dtischen Brunnen. Insgesamt werden die acht dem Amt zugeordneten Brunnen im Stadtgebiet nach und nach au\u00dfer Betrieb genommen und f\u00fcr die Frostperiode gesichert. Dies sind der Simsonbrunnen auf dem Marktplatz, die Steinerne Sch\u00f6ne vor dem Nicolaiberg, der F\u00e4rberbrunnen auf dem Kornmarkt, der Handwerkerbrunnen auf dem Sachsenplatz, der Brunnen im Dahliengarten, der Brunnen am Theater und der Langenberger Brunnen.<\/p>\n\n\n\n<p>Die Winterfestmachung des Brunnes im K\u00fcchengarten \u00fcbernehmen Mitarbeiter des Integrationsbetriebes des Lebenshilfe-Vereines.<\/p>\n\n\n\n<p>Generell werden die Wasseranlagen entleert, Leitungen und Pumpen vor Frost gesch\u00fctzt, und empfindliche technische Komponenten \u00fcberpr\u00fcft. Die Ma\u00dfnahme dient dem Erhalt der Brunnenanlagen und der Vermeidung von Frostsch\u00e4den. Im Fr\u00fchjahr, voraussichtlich ab Mitte April, werden die Brunnen, einschlie\u00dflich des Trinkwasserbrunnens im Hofwiesenpark, wieder in Betrieb genommen.<\/p>\n\n\n\n<p>QUELLE: STADTVERWALTUNG<\/p>\n","protected":false},"excerpt":{"rendered":"<div class=\"mh-excerpt\"><p>Traditionell beginnen die Mitarbeiter des Amts f\u00fcr Stadtgr\u00fcn Mitte Oktober mit der Winterfestmachung der st\u00e4dtischen Brunnen. Insgesamt werden die acht dem Amt zugeordneten Brunnen im Stadtgebiet nach und nach au\u00dfer Betrieb genommen und f\u00fcr die <a class=\"mh-excerpt-more\" href=\"https:\/\/www.studiogera.de\/001\/2025\/10\/11\/winterfestmachung-der-staedtischen-brunnen\/\" title=\"WINTERFESTMACHUNG DER ST\u00c4DTISCHEN BRUNNEN\">[&#8230;]<\/a><\/p>\n<\/div>","protected":false},"author":2,"featured_media":39505,"comment_status":"open","ping_status":"open","sticky":false,"template":"","format":"standard","meta":{"footnotes":""},"categories":[3],"tags":[],"class_list":{"0":"post-39504","1":"post","2":"type-post","3":"status-publish","4":"format-standard","5":"has-post-thumbnail","7":"category-lokal"},"_links":{"self":[{"href":"https:\/\/www.studiogera.de\/001\/wp-json\/wp\/v2\/posts\/39504","targetHints":{"allow":["GET"]}}],"collection":[{"href":"https:\/\/www.studiogera.de\/001\/wp-json\/wp\/v2\/posts"}],"about":[{"href":"https:\/\/www.studiogera.de\/001\/wp-json\/wp\/v2\/types\/post"}],"author":[{"embeddable":true,"href":"https:\/\/www.studiogera.de\/001\/wp-json\/wp\/v2\/users\/2"}],"replies":[{"embeddable":true,"href":"https:\/\/www.studiogera.de\/001\/wp-json\/wp\/v2\/comments?post=39504"}],"version-history":[{"count":1,"href":"https:\/\/www.studiogera.de\/001\/wp-json\/wp\/v2\/posts\/39504\/revisions"}],"predecessor-version":[{"id":39506,"href":"https:\/\/www.studiogera.de\/001\/wp-json\/wp\/v2\/posts\/39504\/revisions\/39506"}],"wp:featuredmedia":[{"embeddable":true,"href":"https:\/\/www.studiogera.de\/001\/wp-json\/wp\/v2\/media\/39505"}],"wp:attachment":[{"href":"https:\/\/www.studiogera.de\/001\/wp-json\/wp\/v2\/media?parent=39504"}],"wp:term":[{"taxonomy":"category","embeddable":true,"href":"https:\/\/www.studiogera.de\/001\/wp-json\/wp\/v2\/categories?post=39504"},{"taxonomy":"post_tag","embeddable":true,"href":"https:\/\/www.studiogera.de\/001\/wp-json\/wp\/v2\/tags?post=39504"}],"curies":[{"name":"wp","href":"https:\/\/api.w.org\/{rel}","templated":true}]}}