{"id":39507,"date":"2025-10-12T02:34:48","date_gmt":"2025-10-12T00:34:48","guid":{"rendered":"https:\/\/www.studiogera.de\/001\/?p=39507"},"modified":"2025-10-12T02:35:15","modified_gmt":"2025-10-12T00:35:15","slug":"veranstaltungen-am-sonntag-106","status":"publish","type":"post","link":"https:\/\/www.studiogera.de\/001\/2025\/10\/12\/veranstaltungen-am-sonntag-106\/","title":{"rendered":"VERANSTALTUNGEN AM SONNTAG"},"content":{"rendered":"\n<p>Um 14 Uhr l\u00e4dt das Stadtmuseum zur abschlie\u00dfenden \u00f6ffentlichen F\u00fchrung durch die Sonderausstellung \u201eDas bedeutet Krieg. Stadt und Menschen in bewaffneten Konflikten\u201c mit Kurator Konrad Kessler ein. Die Ausstellung greift ein ernstes und zugleich hochaktuelles Thema auf: die Rolle von St\u00e4dten als Lebensr\u00e4ume \u2014 und zugleich als Schaupl\u00e4tze von Zerst\u00f6rung in Kriegszeiten. Anhand zahlreicher Beispiele wird gezeigt, wie bewaffnete Konflikte \u00fcber Jahrhunderte hinweg das Gesicht Geras ver\u00e4ndert haben \u2014 vom S\u00e4chsischen Bruderkrieg bis zu den Auseinandersetzungen des 20. Jahrhunderts. Im Mittelpunkt steht die Frage, wie Krieg das st\u00e4dtische Leben beeinflusste: durch Pl\u00fcnderungen, Hunger, Verw\u00fcstungen und gesellschaftliche Umbr\u00fcche \u2014 ebenso aber durch die Widerstandskraft und Anpassungsf\u00e4higkeit der Bev\u00f6lkerung. Die F\u00fchrung erm\u00f6glicht tiefere Einblicke in verschiedene Epochen, ausgew\u00e4hlte Exponate und pers\u00f6nliche Schicksale. Sie l\u00e4dt zugleich dazu ein, \u00fcber den hohen Wert von Frieden und Stabilit\u00e4t nachzudenken \u2014 besonders im Hinblick auf acht Jahrzehnte Frieden in Deutschland.<\/p>\n\n\n\n<p>Zu Ehren von Otto Lummer pr\u00e4sentiert das Stadtmuseum au\u00dferdem die Exposition \u201eEin Wissenschaftler aus Gera an der Pforte zur Neuen Physik\u201c. Sie w\u00fcrdigt einen Geraer Naturwissenschaftler von internationalem Rang.<\/p>\n\n\n\n<p>Das Museum f\u00fcr Naturkunde widmet sich in seiner neuen Ausstellung den Tieren der Nacht. Die Besucher erfahren au\u00dferdem Wissenswertes zur Geologie, Flora und Fauna Ostth\u00fcringens und k\u00f6nnen verschiendene Mineralien sowie nat\u00fcrlich entstandene Gl\u00e4ser bestaunen.<\/p>\n\n\n\n<p>Im Spiegelzelt auf dem Hof des ehemaligen f\u00fcrstlichen Kammergutes findet die Variet\u00e9-Show \u201eHotel Tropical\u201c statt \u2014 eine Veranstaltung, die das Spiegelzelt in ein stilvolles Art-Deco-Hotel verwandelt und ein unvergessliches Urlaubserlebnis mit internationalen Artistik, Musik sowie exotischen Cocktails bietet. Das Abendprogramm beginnt um 20 Uhr mit Einlass um 19 Uhr. Das Programm dauert zwei Stunden.<\/p>\n\n\n\n<p>Im Kultur- und Kongresszentrum beginnt um 19.30 Uhr das Michael-Jackson-Tribute-Konzert \u2014 eine musikalische Hommage mit gro\u00dfem Ensemble.<\/p>\n","protected":false},"excerpt":{"rendered":"<div class=\"mh-excerpt\"><p>Um 14 Uhr l\u00e4dt das Stadtmuseum zur abschlie\u00dfenden \u00f6ffentlichen F\u00fchrung durch die Sonderausstellung \u201eDas bedeutet Krieg. Stadt und Menschen in bewaffneten Konflikten\u201c mit Kurator Konrad Kessler ein. Die Ausstellung greift ein ernstes und zugleich hochaktuelles <a class=\"mh-excerpt-more\" href=\"https:\/\/www.studiogera.de\/001\/2025\/10\/12\/veranstaltungen-am-sonntag-106\/\" title=\"VERANSTALTUNGEN AM SONNTAG\">[&#8230;]<\/a><\/p>\n<\/div>","protected":false},"author":3,"featured_media":39499,"comment_status":"open","ping_status":"open","sticky":false,"template":"","format":"standard","meta":{"footnotes":""},"categories":[16],"tags":[],"class_list":{"0":"post-39507","1":"post","2":"type-post","3":"status-publish","4":"format-standard","5":"has-post-thumbnail","7":"category-kurzmitteilungen"},"_links":{"self":[{"href":"https:\/\/www.studiogera.de\/001\/wp-json\/wp\/v2\/posts\/39507","targetHints":{"allow":["GET"]}}],"collection":[{"href":"https:\/\/www.studiogera.de\/001\/wp-json\/wp\/v2\/posts"}],"about":[{"href":"https:\/\/www.studiogera.de\/001\/wp-json\/wp\/v2\/types\/post"}],"author":[{"embeddable":true,"href":"https:\/\/www.studiogera.de\/001\/wp-json\/wp\/v2\/users\/3"}],"replies":[{"embeddable":true,"href":"https:\/\/www.studiogera.de\/001\/wp-json\/wp\/v2\/comments?post=39507"}],"version-history":[{"count":2,"href":"https:\/\/www.studiogera.de\/001\/wp-json\/wp\/v2\/posts\/39507\/revisions"}],"predecessor-version":[{"id":39509,"href":"https:\/\/www.studiogera.de\/001\/wp-json\/wp\/v2\/posts\/39507\/revisions\/39509"}],"wp:featuredmedia":[{"embeddable":true,"href":"https:\/\/www.studiogera.de\/001\/wp-json\/wp\/v2\/media\/39499"}],"wp:attachment":[{"href":"https:\/\/www.studiogera.de\/001\/wp-json\/wp\/v2\/media?parent=39507"}],"wp:term":[{"taxonomy":"category","embeddable":true,"href":"https:\/\/www.studiogera.de\/001\/wp-json\/wp\/v2\/categories?post=39507"},{"taxonomy":"post_tag","embeddable":true,"href":"https:\/\/www.studiogera.de\/001\/wp-json\/wp\/v2\/tags?post=39507"}],"curies":[{"name":"wp","href":"https:\/\/api.w.org\/{rel}","templated":true}]}}