{"id":39510,"date":"2025-10-12T16:32:38","date_gmt":"2025-10-12T14:32:38","guid":{"rendered":"https:\/\/www.studiogera.de\/001\/?p=39510"},"modified":"2025-10-12T16:32:38","modified_gmt":"2025-10-12T14:32:38","slug":"sexuelle-belaestigung-im-oepnv-zeugen-gesucht","status":"publish","type":"post","link":"https:\/\/www.studiogera.de\/001\/2025\/10\/12\/sexuelle-belaestigung-im-oepnv-zeugen-gesucht\/","title":{"rendered":"SEXUELLE BEL\u00c4STIGUNG IM \u00d6PNV \u2014 ZEUGEN GESUCHT"},"content":{"rendered":"\n<p>Am Samstagnachmittag gegen 15.15 Uhr fuhr eine 16-J\u00e4hrige aus Gera mit der Stra\u00dfenbahn der Linie 3 in Richtung Bieblach-Ost. An der Haltestelle Sorge\/Markt stieg eine m\u00e4nnliche Person zu und setzte sich auf einen freien &#8222;Gangplatz&#8220; neben die Jugendliche. Als der Stra\u00dfenbahnwagen die Berliner Stra\u00dfe befuhr, sprach der Mann die junge Dame an und streichelte ihren Oberschenkel. Die Geraerin \u00e4u\u00dferte ihren Unmut und wollte sich entfernen. Da der Herr den Gang mit seinen Beinen versperrte, musste die Gesch\u00e4digte \u00fcber diese steigen. Hierbei griff der T\u00e4ter der Jugendlichen an den bekleideten Schritt. Die 16-J\u00e4hrige schaffte es, an der Haltestelle Duale Hochschule aus dem Fahrzeug zu steigen. Der Bel\u00e4stiger fuhr weiter in Richtung Bieblach-Ost und kann wie folgt beschrieben werden: m\u00e4nnlich, 50 bis 60 Jahre alt, korpulente Statur, rundliches Gesicht, sehr wenig bis keine Haare. Er trug eine blaue Nietenhose und einen grauen Strickpullover, sprach gebrochen Deutsch mit russischem Akzent und humpelte beim Gehen.<\/p>\n\n\n\n<p>Da sich nach Angaben der Gesch\u00e4digten zum Tatzeitpunkt weitere Fahrg\u00e4ste im Stra\u00dfenbahnwagen befanden, sucht die Geraer Polizei Zeugen, welche Angaben zum Tathergang oder zum Tatverd\u00e4chtigen machen k\u00f6nnen. Diese werden gebeten, sich unter Angabe der Bezugsnummer 0265081\/2025 bei der Kriminalpolizei Gera unter der Rufnummer +49365\/82341465) zu melden.<\/p>\n","protected":false},"excerpt":{"rendered":"<div class=\"mh-excerpt\"><p>Am Samstagnachmittag gegen 15.15 Uhr fuhr eine 16-J\u00e4hrige aus Gera mit der Stra\u00dfenbahn der Linie 3 in Richtung Bieblach-Ost. An der Haltestelle Sorge\/Markt stieg eine m\u00e4nnliche Person zu und setzte sich auf einen freien &#8222;Gangplatz&#8220; <a class=\"mh-excerpt-more\" href=\"https:\/\/www.studiogera.de\/001\/2025\/10\/12\/sexuelle-belaestigung-im-oepnv-zeugen-gesucht\/\" title=\"SEXUELLE BEL\u00c4STIGUNG IM \u00d6PNV \u2014 ZEUGEN GESUCHT\">[&#8230;]<\/a><\/p>\n<\/div>","protected":false},"author":2,"featured_media":9351,"comment_status":"open","ping_status":"open","sticky":false,"template":"","format":"standard","meta":{"footnotes":""},"categories":[13],"tags":[],"class_list":{"0":"post-39510","1":"post","2":"type-post","3":"status-publish","4":"format-standard","5":"has-post-thumbnail","7":"category-polizeiberichte"},"_links":{"self":[{"href":"https:\/\/www.studiogera.de\/001\/wp-json\/wp\/v2\/posts\/39510","targetHints":{"allow":["GET"]}}],"collection":[{"href":"https:\/\/www.studiogera.de\/001\/wp-json\/wp\/v2\/posts"}],"about":[{"href":"https:\/\/www.studiogera.de\/001\/wp-json\/wp\/v2\/types\/post"}],"author":[{"embeddable":true,"href":"https:\/\/www.studiogera.de\/001\/wp-json\/wp\/v2\/users\/2"}],"replies":[{"embeddable":true,"href":"https:\/\/www.studiogera.de\/001\/wp-json\/wp\/v2\/comments?post=39510"}],"version-history":[{"count":1,"href":"https:\/\/www.studiogera.de\/001\/wp-json\/wp\/v2\/posts\/39510\/revisions"}],"predecessor-version":[{"id":39511,"href":"https:\/\/www.studiogera.de\/001\/wp-json\/wp\/v2\/posts\/39510\/revisions\/39511"}],"wp:featuredmedia":[{"embeddable":true,"href":"https:\/\/www.studiogera.de\/001\/wp-json\/wp\/v2\/media\/9351"}],"wp:attachment":[{"href":"https:\/\/www.studiogera.de\/001\/wp-json\/wp\/v2\/media?parent=39510"}],"wp:term":[{"taxonomy":"category","embeddable":true,"href":"https:\/\/www.studiogera.de\/001\/wp-json\/wp\/v2\/categories?post=39510"},{"taxonomy":"post_tag","embeddable":true,"href":"https:\/\/www.studiogera.de\/001\/wp-json\/wp\/v2\/tags?post=39510"}],"curies":[{"name":"wp","href":"https:\/\/api.w.org\/{rel}","templated":true}]}}