{"id":39516,"date":"2025-10-13T02:53:22","date_gmt":"2025-10-13T00:53:22","guid":{"rendered":"https:\/\/www.studiogera.de\/001\/?p=39516"},"modified":"2025-10-13T02:53:23","modified_gmt":"2025-10-13T00:53:23","slug":"weitere-termine","status":"publish","type":"post","link":"https:\/\/www.studiogera.de\/001\/2025\/10\/13\/weitere-termine\/","title":{"rendered":"WEITERE TERMINE"},"content":{"rendered":"\n<p>Ein Gruppentreffen unter dem Motto \u201eHelfen \u2013 Austauschen \u2013 informieren\u201c der Selbsthilfegruppe f\u00fcr Bauchspeicheldr\u00fcsenerkrankte findet am 13. Oktober 2025 um 13.30 Uhr in der Kreativwerkstatt der Geraer Volkshochschule \u201eAenne Biermann\u201c, Talstra\u00dfe 3, statt.<\/p>\n\n\n\n<p>Die Freie evangelische Gemeinde Gera l\u00e4dt am 13. Oktober 2025 zu einem offenen Hauskreis bei Kaffee und Kuchen in die Eisenbahnstra\u00dfe 5\/7a ein. Der Kreis soll den Austausch \u00fcber Gott und die Welt erm\u00f6glichen.<\/p>\n\n\n\n<p>Im Kulturhaus H\u00e4selburg wird am Montag ein Pop-up-Radiosender er\u00f6ffnet. Bis Freitag, 17. Oktober, sind Interessierte immer von 10 Uhr bis 16 Uhr zum Mitmachen eingeladen.<\/p>\n\n\n\n<p>Am Dienstag finden in der Ehrenamtszentrale Veranstaltungen f\u00fcr h\u00f6rgesch\u00e4digte Menschen statt.<\/p>\n\n\n\n<p>Die Rosa-Luxemburg-Stiftung setzt sich am Dienstag ab 18 Uhr im Stadtmuseum mit dem Thema Krieg und dem Begriff \u201eKriegst\u00fcchtigkeit\u201c auseinander. Nach einem Vortrag beginnt die Diskussion. Interessierte B\u00fcrger k\u00f6nnen daran teilnehmen.<\/p>\n\n\n\n<p>Im Rahmen der Woche der seelischen Gesundheit wird am 14. Oktober in der Ehrenamtszentrale ein \u201eKomm herein \u2013 Caf\u00e9\u201c angeboten. Es \u00f6ffnet um 15 Uhr. Gesprochen wird \u00fcber psychische Erkrankungen.<\/p>\n\n\n\n<p>Am Dienstag um 9 Uhr wird der Franz\u00f6sische Gourmetmarkt er\u00f6ffnet. Am Mittwoch tagt der Ortsteilrat Roben, am Donnerstag der Ortsteil Lusan.<\/p>\n","protected":false},"excerpt":{"rendered":"<div class=\"mh-excerpt\"><p>Ein Gruppentreffen unter dem Motto \u201eHelfen \u2013 Austauschen \u2013 informieren\u201c der Selbsthilfegruppe f\u00fcr Bauchspeicheldr\u00fcsenerkrankte findet am 13. Oktober 2025 um 13.30 Uhr in der Kreativwerkstatt der Geraer Volkshochschule \u201eAenne Biermann\u201c, Talstra\u00dfe 3, statt. Die Freie <a class=\"mh-excerpt-more\" href=\"https:\/\/www.studiogera.de\/001\/2025\/10\/13\/weitere-termine\/\" title=\"WEITERE TERMINE\">[&#8230;]<\/a><\/p>\n<\/div>","protected":false},"author":3,"featured_media":22617,"comment_status":"open","ping_status":"open","sticky":false,"template":"","format":"standard","meta":{"footnotes":""},"categories":[16],"tags":[],"class_list":{"0":"post-39516","1":"post","2":"type-post","3":"status-publish","4":"format-standard","5":"has-post-thumbnail","7":"category-kurzmitteilungen"},"_links":{"self":[{"href":"https:\/\/www.studiogera.de\/001\/wp-json\/wp\/v2\/posts\/39516","targetHints":{"allow":["GET"]}}],"collection":[{"href":"https:\/\/www.studiogera.de\/001\/wp-json\/wp\/v2\/posts"}],"about":[{"href":"https:\/\/www.studiogera.de\/001\/wp-json\/wp\/v2\/types\/post"}],"author":[{"embeddable":true,"href":"https:\/\/www.studiogera.de\/001\/wp-json\/wp\/v2\/users\/3"}],"replies":[{"embeddable":true,"href":"https:\/\/www.studiogera.de\/001\/wp-json\/wp\/v2\/comments?post=39516"}],"version-history":[{"count":2,"href":"https:\/\/www.studiogera.de\/001\/wp-json\/wp\/v2\/posts\/39516\/revisions"}],"predecessor-version":[{"id":39518,"href":"https:\/\/www.studiogera.de\/001\/wp-json\/wp\/v2\/posts\/39516\/revisions\/39518"}],"wp:featuredmedia":[{"embeddable":true,"href":"https:\/\/www.studiogera.de\/001\/wp-json\/wp\/v2\/media\/22617"}],"wp:attachment":[{"href":"https:\/\/www.studiogera.de\/001\/wp-json\/wp\/v2\/media?parent=39516"}],"wp:term":[{"taxonomy":"category","embeddable":true,"href":"https:\/\/www.studiogera.de\/001\/wp-json\/wp\/v2\/categories?post=39516"},{"taxonomy":"post_tag","embeddable":true,"href":"https:\/\/www.studiogera.de\/001\/wp-json\/wp\/v2\/tags?post=39516"}],"curies":[{"name":"wp","href":"https:\/\/api.w.org\/{rel}","templated":true}]}}