{"id":39524,"date":"2025-10-13T09:07:47","date_gmt":"2025-10-13T07:07:47","guid":{"rendered":"https:\/\/www.studiogera.de\/001\/?p=39524"},"modified":"2025-10-13T09:07:48","modified_gmt":"2025-10-13T07:07:48","slug":"preisgekroenter-kindercomic-als-puppentheater-mit-halloween-special","status":"publish","type":"post","link":"https:\/\/www.studiogera.de\/001\/2025\/10\/13\/preisgekroenter-kindercomic-als-puppentheater-mit-halloween-special\/","title":{"rendered":"PREISGEKR\u00d6NTER KINDERCOMIC ALS PUPPENTHEATER \u2014 MIT HALLOWEEN-SPECIAL"},"content":{"rendered":"\n<p>Gruselig, schr\u00e4g und voller Humor: Am Freitag, den 31. Oktober 2025, um 16 Uhr und am Sonntag, den 2. November, um 11 Uhr zeigt das Puppentheater am Gustav-Hennig-Platz in Gera \u201eBoris, Babette und lauter Skelette\u201c nach dem preisgekr\u00f6nten Kindercomic von Tanja Esch. Passend zu Halloween wird der Theaterbesuch zum besonderen Erlebnis: Alle Kinder und Erwachsenen, die verkleidet erscheinen, erhalten eine kleine \u00dcberraschung.<\/p>\n\n\n\n<p>Die turbulente Geschichte erz\u00e4hlt von Boris, der das Haustier seiner Nachbarin in Pflege nimmt \u2014 eine geheimnisvolle Figur namens Babette, die alles andere als gew\u00f6hnlich ist. Mit gelbem Fell, aufrechtem Gang, einer Vorliebe f\u00fcr Erdnussflips und einem unstillbaren Bed\u00fcrfnis nach Grusel stellt Babette Boris\u2019 Alltag v\u00f6llig auf den Kopf. Heimlich verwandelt er sein Zuhause in ein Gruselkabinett, um Babette gl\u00fccklich zu machen. Doch sp\u00e4testens, als die Eltern das ungew\u00f6hnliche Haustier entdecken, nimmt die Geschichte eine unerwartete Wendung.<\/p>\n\n\n\n<p>Geeignet ist das St\u00fcck f\u00fcr Kinder ab einem Alter von acht Jahren und ihre Familien.<\/p>\n\n\n\n<p>Eintrittskarten sind an den Theaterkassen sowie \u00fcber die Webseite des Theaters erh\u00e4ltlich. Diese sind unter der Rufnummer 0365 8279105 bzw. 03447 585160 sowie \u00fcber \u201ehttps:\/\/theater-altenburg-gera.de\/\u201d erreichbar.<\/p>\n\n\n\n<p>QUELLE: THEATER ALTENBURG GERA GGMBH<\/p>\n","protected":false},"excerpt":{"rendered":"<div class=\"mh-excerpt\"><p>Gruselig, schr\u00e4g und voller Humor: Am Freitag, den 31. Oktober 2025, um 16 Uhr und am Sonntag, den 2. November, um 11 Uhr zeigt das Puppentheater am Gustav-Hennig-Platz in Gera \u201eBoris, Babette und lauter Skelette\u201c <a class=\"mh-excerpt-more\" href=\"https:\/\/www.studiogera.de\/001\/2025\/10\/13\/preisgekroenter-kindercomic-als-puppentheater-mit-halloween-special\/\" title=\"PREISGEKR\u00d6NTER KINDERCOMIC ALS PUPPENTHEATER \u2014 MIT HALLOWEEN-SPECIAL\">[&#8230;]<\/a><\/p>\n<\/div>","protected":false},"author":2,"featured_media":39525,"comment_status":"open","ping_status":"open","sticky":false,"template":"","format":"standard","meta":{"footnotes":""},"categories":[15],"tags":[],"class_list":{"0":"post-39524","1":"post","2":"type-post","3":"status-publish","4":"format-standard","5":"has-post-thumbnail","7":"category-theater"},"_links":{"self":[{"href":"https:\/\/www.studiogera.de\/001\/wp-json\/wp\/v2\/posts\/39524","targetHints":{"allow":["GET"]}}],"collection":[{"href":"https:\/\/www.studiogera.de\/001\/wp-json\/wp\/v2\/posts"}],"about":[{"href":"https:\/\/www.studiogera.de\/001\/wp-json\/wp\/v2\/types\/post"}],"author":[{"embeddable":true,"href":"https:\/\/www.studiogera.de\/001\/wp-json\/wp\/v2\/users\/2"}],"replies":[{"embeddable":true,"href":"https:\/\/www.studiogera.de\/001\/wp-json\/wp\/v2\/comments?post=39524"}],"version-history":[{"count":1,"href":"https:\/\/www.studiogera.de\/001\/wp-json\/wp\/v2\/posts\/39524\/revisions"}],"predecessor-version":[{"id":39526,"href":"https:\/\/www.studiogera.de\/001\/wp-json\/wp\/v2\/posts\/39524\/revisions\/39526"}],"wp:featuredmedia":[{"embeddable":true,"href":"https:\/\/www.studiogera.de\/001\/wp-json\/wp\/v2\/media\/39525"}],"wp:attachment":[{"href":"https:\/\/www.studiogera.de\/001\/wp-json\/wp\/v2\/media?parent=39524"}],"wp:term":[{"taxonomy":"category","embeddable":true,"href":"https:\/\/www.studiogera.de\/001\/wp-json\/wp\/v2\/categories?post=39524"},{"taxonomy":"post_tag","embeddable":true,"href":"https:\/\/www.studiogera.de\/001\/wp-json\/wp\/v2\/tags?post=39524"}],"curies":[{"name":"wp","href":"https:\/\/api.w.org\/{rel}","templated":true}]}}