{"id":39527,"date":"2025-10-13T11:59:42","date_gmt":"2025-10-13T09:59:42","guid":{"rendered":"https:\/\/www.studiogera.de\/001\/?p=39527"},"modified":"2025-10-13T11:59:43","modified_gmt":"2025-10-13T09:59:43","slug":"die-edlen-steine-sachsens","status":"publish","type":"post","link":"https:\/\/www.studiogera.de\/001\/2025\/10\/13\/die-edlen-steine-sachsens\/","title":{"rendered":"\u201eDIE EDLEN STEINE SACHSENS\u201c"},"content":{"rendered":"\n<p>Am 17. Oktober 2025 laden die Geraer Mineralienfreunde um 18 Uhr zum Bildvortrag \u201eDie edlen Steine Sachsens Teil 2\u201c in das Museum f\u00fcr Naturkunde Gera ein. Dr. Matthias Schreiter referiert vor allem \u00fcber zwei \u201eedle Steine\u201c Sachsens: den Halsbacher Korallenachat und den Purschensteiner Amethyst. Wenigstens ein Belegexemplar des Korallenachates ist wohl in jeder Mineraliensammlung eines Achatsammlers zu finden. Weniger bekannt ist aber der Amethyst von Purschenstein, obwohl er aufgrund seiner nadeligen Ausbildung f\u00fcr die Verarbeitung zu d\u00fcnnwandigen Gef\u00e4\u00dfen pr\u00e4destiniert ist. Die Geschichte beider Fundstellen sowie die aus den gewonnenen Materialien von ihrer Entdeckung bis in die Neuzeit hergestellten Kunstobjekte, auch Neuentdeckungen wie die Kameen \u201eBacchus\u201c und das \u201eBrustbild eines vornehmen R\u00f6mers\u201c in der Staatlichen M\u00fcnzsammlung M\u00fcnchen, werden neben anderen herausragenden Kunstobjekten im Bild dem Zuh\u00f6rer oder der Zuh\u00f6rerin nahegebracht.<\/p>\n\n\n\n<p>QUELLE: STADTVERWALTUNG<\/p>\n","protected":false},"excerpt":{"rendered":"<div class=\"mh-excerpt\"><p>Am 17. Oktober 2025 laden die Geraer Mineralienfreunde um 18 Uhr zum Bildvortrag \u201eDie edlen Steine Sachsens Teil 2\u201c in das Museum f\u00fcr Naturkunde Gera ein. Dr. Matthias Schreiter referiert vor allem \u00fcber zwei \u201eedle <a class=\"mh-excerpt-more\" href=\"https:\/\/www.studiogera.de\/001\/2025\/10\/13\/die-edlen-steine-sachsens\/\" title=\"\u201eDIE EDLEN STEINE SACHSENS\u201c\">[&#8230;]<\/a><\/p>\n<\/div>","protected":false},"author":2,"featured_media":39528,"comment_status":"open","ping_status":"open","sticky":false,"template":"","format":"standard","meta":{"footnotes":""},"categories":[8],"tags":[],"class_list":{"0":"post-39527","1":"post","2":"type-post","3":"status-publish","4":"format-standard","5":"has-post-thumbnail","7":"category-kultur"},"_links":{"self":[{"href":"https:\/\/www.studiogera.de\/001\/wp-json\/wp\/v2\/posts\/39527","targetHints":{"allow":["GET"]}}],"collection":[{"href":"https:\/\/www.studiogera.de\/001\/wp-json\/wp\/v2\/posts"}],"about":[{"href":"https:\/\/www.studiogera.de\/001\/wp-json\/wp\/v2\/types\/post"}],"author":[{"embeddable":true,"href":"https:\/\/www.studiogera.de\/001\/wp-json\/wp\/v2\/users\/2"}],"replies":[{"embeddable":true,"href":"https:\/\/www.studiogera.de\/001\/wp-json\/wp\/v2\/comments?post=39527"}],"version-history":[{"count":1,"href":"https:\/\/www.studiogera.de\/001\/wp-json\/wp\/v2\/posts\/39527\/revisions"}],"predecessor-version":[{"id":39529,"href":"https:\/\/www.studiogera.de\/001\/wp-json\/wp\/v2\/posts\/39527\/revisions\/39529"}],"wp:featuredmedia":[{"embeddable":true,"href":"https:\/\/www.studiogera.de\/001\/wp-json\/wp\/v2\/media\/39528"}],"wp:attachment":[{"href":"https:\/\/www.studiogera.de\/001\/wp-json\/wp\/v2\/media?parent=39527"}],"wp:term":[{"taxonomy":"category","embeddable":true,"href":"https:\/\/www.studiogera.de\/001\/wp-json\/wp\/v2\/categories?post=39527"},{"taxonomy":"post_tag","embeddable":true,"href":"https:\/\/www.studiogera.de\/001\/wp-json\/wp\/v2\/tags?post=39527"}],"curies":[{"name":"wp","href":"https:\/\/api.w.org\/{rel}","templated":true}]}}