{"id":39530,"date":"2025-10-13T12:11:15","date_gmt":"2025-10-13T10:11:15","guid":{"rendered":"https:\/\/www.studiogera.de\/001\/?p=39530"},"modified":"2025-10-13T12:11:15","modified_gmt":"2025-10-13T10:11:15","slug":"herbstvolksfest-vom-18-oktober-bis-2-november-2025","status":"publish","type":"post","link":"https:\/\/www.studiogera.de\/001\/2025\/10\/13\/herbstvolksfest-vom-18-oktober-bis-2-november-2025\/","title":{"rendered":"HERBSTVOLKSFEST VOM 18. OKTOBER BIS 2. NOVEMBER 2025"},"content":{"rendered":"\n<p>Vom 18. Oktober bis zum 2. November 2025 verwandelt sich der Hofwiesenparkplatz wieder in eine bunte Welt voller Fahrspa\u00df, Leckereien und guter Laune. Das Herbstvolksfest der Stadt Gera l\u00e4dt Gro\u00df und Klein zu zwei Wochen voller Vergn\u00fcgen und Unterhaltung ein.<\/p>\n\n\n\n<p>Die feierliche Er\u00f6ffnung findet am Samstag, den 18. Oktober, um 14 Uhr statt. Direkt zum Auftakt locken alle Fahrgesch\u00e4fte mit einem besonderen Angebot: Die ersten 30 Minuten fahren G\u00e4ste zum halben Preis. Um 16 Uhr begr\u00fc\u00dft Oberb\u00fcrgermeister Kurt Dannenberg offiziell die Schaustellerinnen und Schausteller sowie alle G\u00e4ste mit dem traditionellen Fassbieranstich.<\/p>\n\n\n\n<p>Auf die Besucher warten insgesamt 31 Schaustellergesch\u00e4fte, darunter beliebte Angebote wie \u201eBlack Pearl\u201c, \u201eBreak Dance\u201c, \u201eDschungel Train\u201c, \u201eEntertainer\u201c, der \u201eAuto-Scooter\u201c und das imposante \u201eEuropa-Riesenrad\u201c mit 38 Metern H\u00f6he. F\u00fcr Gruselfans gibt es Nervenkitzel in der Geisterbahn \u201eZombie\u201c. Auch die traditionellen Klassiker des Rummels sowie zahlreiche Kinderattraktionen zum Fahren, Schaukeln und Springen sorgen f\u00fcr beste Unterhaltung f\u00fcr die ganze Familie.<\/p>\n\n\n\n<p>F\u00fcr das leibliche Wohl ist ebenfalls bestens gesorgt: Mit dabei sind unter anderem das \u201eGastmahl des Meeres\u201c, die \u201ePinguinbar\u201c und eine \u201eSchmalzkuchenb\u00e4ckerei\u201c, die mit herzhaften und s\u00fc\u00dfen K\u00f6stlichkeiten zum Verweilen einladen.<\/p>\n\n\n\n<p>Besondere Aktionen runden das Programm ab: Jeden Mittwoch ist Familientag mit erm\u00e4\u00dfigten Preisen. In der Halloweenwoche erwartet die kleinen G\u00e4ste am Freitag, den 24. Oktober, von 16 Uhr bis 19 Uhr der Stelzenmann Isegrimm. Hoch hinaus auf Stelzen bietet er beste Sicht auf das Geschehen und unterh\u00e4lt mit lustigen Sp\u00e4\u00dfen, Ballonfiguren in Form von Schwertern und Blumen.<\/p>\n\n\n\n<p>Ein besonderer H\u00f6hepunkt erwartet die G\u00e4ste am Freitag, den 31. Oktober: Gegen 21.30 Uhr steigt ein farbenpr\u00e4chtiges H\u00f6henfeuerwerk direkt neben dem Festplatz in den Nachthimmel \u2014 ein Dank der Schausteller ung Veranstalter an alle G\u00e4ste.<\/p>\n\n\n\n<p>Ge\u00f6ffnet ist t\u00e4glich von 14 Uhr bis 22 Uhr, freitags, samstags und am 30. Oktober bis 23 Uhr.<\/p>\n\n\n\n<p>Die Stadt Gera empfiehlt die Anreise mit \u00f6ffentlichen Verkehrsmitteln, um stressfrei und umweltbewusst zum Volksfest zu gelangen. Organisiert wird das Herbstvolksfest vom st\u00e4dtischen Kulturamt in Zusammenarbeit mit dem Volksfestbeirat der Stadt Gera.<\/p>\n\n\n\n<p>QUELLE: STADTVERWALTUNG<\/p>\n","protected":false},"excerpt":{"rendered":"<div class=\"mh-excerpt\"><p>Vom 18. Oktober bis zum 2. November 2025 verwandelt sich der Hofwiesenparkplatz wieder in eine bunte Welt voller Fahrspa\u00df, Leckereien und guter Laune. Das Herbstvolksfest der Stadt Gera l\u00e4dt Gro\u00df und Klein zu zwei Wochen <a class=\"mh-excerpt-more\" href=\"https:\/\/www.studiogera.de\/001\/2025\/10\/13\/herbstvolksfest-vom-18-oktober-bis-2-november-2025\/\" title=\"HERBSTVOLKSFEST VOM 18. OKTOBER BIS 2. NOVEMBER 2025\">[&#8230;]<\/a><\/p>\n<\/div>","protected":false},"author":2,"featured_media":39531,"comment_status":"open","ping_status":"open","sticky":false,"template":"","format":"standard","meta":{"footnotes":""},"categories":[8],"tags":[],"class_list":{"0":"post-39530","1":"post","2":"type-post","3":"status-publish","4":"format-standard","5":"has-post-thumbnail","7":"category-kultur"},"_links":{"self":[{"href":"https:\/\/www.studiogera.de\/001\/wp-json\/wp\/v2\/posts\/39530","targetHints":{"allow":["GET"]}}],"collection":[{"href":"https:\/\/www.studiogera.de\/001\/wp-json\/wp\/v2\/posts"}],"about":[{"href":"https:\/\/www.studiogera.de\/001\/wp-json\/wp\/v2\/types\/post"}],"author":[{"embeddable":true,"href":"https:\/\/www.studiogera.de\/001\/wp-json\/wp\/v2\/users\/2"}],"replies":[{"embeddable":true,"href":"https:\/\/www.studiogera.de\/001\/wp-json\/wp\/v2\/comments?post=39530"}],"version-history":[{"count":1,"href":"https:\/\/www.studiogera.de\/001\/wp-json\/wp\/v2\/posts\/39530\/revisions"}],"predecessor-version":[{"id":39532,"href":"https:\/\/www.studiogera.de\/001\/wp-json\/wp\/v2\/posts\/39530\/revisions\/39532"}],"wp:featuredmedia":[{"embeddable":true,"href":"https:\/\/www.studiogera.de\/001\/wp-json\/wp\/v2\/media\/39531"}],"wp:attachment":[{"href":"https:\/\/www.studiogera.de\/001\/wp-json\/wp\/v2\/media?parent=39530"}],"wp:term":[{"taxonomy":"category","embeddable":true,"href":"https:\/\/www.studiogera.de\/001\/wp-json\/wp\/v2\/categories?post=39530"},{"taxonomy":"post_tag","embeddable":true,"href":"https:\/\/www.studiogera.de\/001\/wp-json\/wp\/v2\/tags?post=39530"}],"curies":[{"name":"wp","href":"https:\/\/api.w.org\/{rel}","templated":true}]}}