{"id":39533,"date":"2025-10-14T11:19:28","date_gmt":"2025-10-14T09:19:28","guid":{"rendered":"https:\/\/www.studiogera.de\/001\/?p=39533"},"modified":"2025-10-14T11:19:29","modified_gmt":"2025-10-14T09:19:29","slug":"einsaetze-der-feuerwehr-21","status":"publish","type":"post","link":"https:\/\/www.studiogera.de\/001\/2025\/10\/14\/einsaetze-der-feuerwehr-21\/","title":{"rendered":"EINS\u00c4TZE DER FEUERWEHR"},"content":{"rendered":"\n<p>Um 6.20 Uhr am 13. Oktober 2025 musste die Feuerwehr auf die Autobahn 4 wegen einer \u00d6lspur ausr\u00fccken. Im Einsatz waren das TLF und das HLF der Freiwilligen Feuerwehr Gera-Mitte, der R\u00fcstzug der hauptamtlichen Kr\u00e4fte, sowie die FF Langenberg. Die ersten Kr\u00e4fte vor Ort sicherten die Unfallstelle und den PKW. Die aus dem Fahrzeug verletzten Personen wurden dem Rettungsdienst \u00fcbergeben und ins Krankenhaus gebracht. W\u00e4hrend der Arbeiten kam es zur Vollsperrung der Autobahn und der Auffahrten am Kreuz Gera in Richtung Frankfurt.<\/p>\n\n\n\n<p>Am 13. Oktober 2025 wurde die Freiwillige Feuerwehr Gera-Mitte um 13.50 Uhr gemeinsam mit der Drohnengruppe der Feuerwehr Gera, den hauptamtlichen Kr\u00e4ften der Wache 1, den F\u00fchrungsdienst der Stufen B und C, sowie der Feuerwehr Langenberg in die N.-A.-Ostrowski-Stra\u00dfe beordert. Der Grund war Rauch im Treppenhaus eines mehrst\u00f6ckigen Wohnblockes. Die ersten Kr\u00e4fte vor Ort nahmen den Rauch deutlich wahr. Alle Etagen wurden abgesucht. Die Einsatzkr\u00e4fte \u00f6ffneten im betroffenen Bereich die Wohnungen. Gebrannt hatte Zeitung vor einer Wohnungst\u00fcr. Das Feuer wurde z\u00fcgig abgel\u00f6scht, der Wohnblock bel\u00fcftet. Es gab keine Verletzten.<\/p>\n","protected":false},"excerpt":{"rendered":"<div class=\"mh-excerpt\"><p>Um 6.20 Uhr am 13. Oktober 2025 musste die Feuerwehr auf die Autobahn 4 wegen einer \u00d6lspur ausr\u00fccken. Im Einsatz waren das TLF und das HLF der Freiwilligen Feuerwehr Gera-Mitte, der R\u00fcstzug der hauptamtlichen Kr\u00e4fte, <a class=\"mh-excerpt-more\" href=\"https:\/\/www.studiogera.de\/001\/2025\/10\/14\/einsaetze-der-feuerwehr-21\/\" title=\"EINS\u00c4TZE DER FEUERWEHR\">[&#8230;]<\/a><\/p>\n<\/div>","protected":false},"author":3,"featured_media":11738,"comment_status":"open","ping_status":"open","sticky":false,"template":"","format":"standard","meta":{"footnotes":""},"categories":[13],"tags":[],"class_list":{"0":"post-39533","1":"post","2":"type-post","3":"status-publish","4":"format-standard","5":"has-post-thumbnail","7":"category-polizeiberichte"},"_links":{"self":[{"href":"https:\/\/www.studiogera.de\/001\/wp-json\/wp\/v2\/posts\/39533","targetHints":{"allow":["GET"]}}],"collection":[{"href":"https:\/\/www.studiogera.de\/001\/wp-json\/wp\/v2\/posts"}],"about":[{"href":"https:\/\/www.studiogera.de\/001\/wp-json\/wp\/v2\/types\/post"}],"author":[{"embeddable":true,"href":"https:\/\/www.studiogera.de\/001\/wp-json\/wp\/v2\/users\/3"}],"replies":[{"embeddable":true,"href":"https:\/\/www.studiogera.de\/001\/wp-json\/wp\/v2\/comments?post=39533"}],"version-history":[{"count":1,"href":"https:\/\/www.studiogera.de\/001\/wp-json\/wp\/v2\/posts\/39533\/revisions"}],"predecessor-version":[{"id":39534,"href":"https:\/\/www.studiogera.de\/001\/wp-json\/wp\/v2\/posts\/39533\/revisions\/39534"}],"wp:featuredmedia":[{"embeddable":true,"href":"https:\/\/www.studiogera.de\/001\/wp-json\/wp\/v2\/media\/11738"}],"wp:attachment":[{"href":"https:\/\/www.studiogera.de\/001\/wp-json\/wp\/v2\/media?parent=39533"}],"wp:term":[{"taxonomy":"category","embeddable":true,"href":"https:\/\/www.studiogera.de\/001\/wp-json\/wp\/v2\/categories?post=39533"},{"taxonomy":"post_tag","embeddable":true,"href":"https:\/\/www.studiogera.de\/001\/wp-json\/wp\/v2\/tags?post=39533"}],"curies":[{"name":"wp","href":"https:\/\/api.w.org\/{rel}","templated":true}]}}