{"id":39539,"date":"2025-10-14T11:32:42","date_gmt":"2025-10-14T09:32:42","guid":{"rendered":"https:\/\/www.studiogera.de\/001\/?p=39539"},"modified":"2025-10-14T11:32:43","modified_gmt":"2025-10-14T09:32:43","slug":"vu-mit-schwerverletzten-bei-korbussen","status":"publish","type":"post","link":"https:\/\/www.studiogera.de\/001\/2025\/10\/14\/vu-mit-schwerverletzten-bei-korbussen\/","title":{"rendered":"VU MIT SCHWERVERLETZTEN BEI KORBUSSEN"},"content":{"rendered":"\n<p>Ein 19-j\u00e4hriger Audi-Fahrer befuhr am 13. Oktober 2025 den Wiesenring und beabsichtigte, auf die L 1081 in Richtung Gera aufzufahren. Hierbei missachtete er jedoch den dort anfahrenden Fiat eines 78-J\u00e4hrigen und prallte mit diesem zusammen. Der 19-j\u00e4hrige wurde dabei leicht verletzt. Sein ebenfalls 19-j\u00e4hriger Beifahrer musste von der Feuerwehr aus dem Fahrzeugwrack befreit werden und kam schwer verletzt ins Krankenhaus. Auch der Fiat-Fahrer erlitt schwere Verletzungen und musste im Klinikum behandelt werden. F\u00fcr die Unfallaufnahme und zur Beseitigung auslaufender Betriebsstoffe musste die Polizei die Unfallstelle f\u00fcr etwa zwei Stunden sperren.<\/p>\n","protected":false},"excerpt":{"rendered":"<div class=\"mh-excerpt\"><p>Ein 19-j\u00e4hriger Audi-Fahrer befuhr am 13. Oktober 2025 den Wiesenring und beabsichtigte, auf die L 1081 in Richtung Gera aufzufahren. Hierbei missachtete er jedoch den dort anfahrenden Fiat eines 78-J\u00e4hrigen und prallte mit diesem zusammen. <a class=\"mh-excerpt-more\" href=\"https:\/\/www.studiogera.de\/001\/2025\/10\/14\/vu-mit-schwerverletzten-bei-korbussen\/\" title=\"VU MIT SCHWERVERLETZTEN BEI KORBUSSEN\">[&#8230;]<\/a><\/p>\n<\/div>","protected":false},"author":3,"featured_media":9352,"comment_status":"open","ping_status":"open","sticky":false,"template":"","format":"standard","meta":{"footnotes":""},"categories":[13],"tags":[],"class_list":{"0":"post-39539","1":"post","2":"type-post","3":"status-publish","4":"format-standard","5":"has-post-thumbnail","7":"category-polizeiberichte"},"_links":{"self":[{"href":"https:\/\/www.studiogera.de\/001\/wp-json\/wp\/v2\/posts\/39539","targetHints":{"allow":["GET"]}}],"collection":[{"href":"https:\/\/www.studiogera.de\/001\/wp-json\/wp\/v2\/posts"}],"about":[{"href":"https:\/\/www.studiogera.de\/001\/wp-json\/wp\/v2\/types\/post"}],"author":[{"embeddable":true,"href":"https:\/\/www.studiogera.de\/001\/wp-json\/wp\/v2\/users\/3"}],"replies":[{"embeddable":true,"href":"https:\/\/www.studiogera.de\/001\/wp-json\/wp\/v2\/comments?post=39539"}],"version-history":[{"count":1,"href":"https:\/\/www.studiogera.de\/001\/wp-json\/wp\/v2\/posts\/39539\/revisions"}],"predecessor-version":[{"id":39540,"href":"https:\/\/www.studiogera.de\/001\/wp-json\/wp\/v2\/posts\/39539\/revisions\/39540"}],"wp:featuredmedia":[{"embeddable":true,"href":"https:\/\/www.studiogera.de\/001\/wp-json\/wp\/v2\/media\/9352"}],"wp:attachment":[{"href":"https:\/\/www.studiogera.de\/001\/wp-json\/wp\/v2\/media?parent=39539"}],"wp:term":[{"taxonomy":"category","embeddable":true,"href":"https:\/\/www.studiogera.de\/001\/wp-json\/wp\/v2\/categories?post=39539"},{"taxonomy":"post_tag","embeddable":true,"href":"https:\/\/www.studiogera.de\/001\/wp-json\/wp\/v2\/tags?post=39539"}],"curies":[{"name":"wp","href":"https:\/\/api.w.org\/{rel}","templated":true}]}}