{"id":39541,"date":"2025-10-14T12:11:06","date_gmt":"2025-10-14T10:11:06","guid":{"rendered":"https:\/\/www.studiogera.de\/001\/?p=39541"},"modified":"2025-10-14T12:11:22","modified_gmt":"2025-10-14T10:11:22","slug":"stimmen-der-ukraine","status":"publish","type":"post","link":"https:\/\/www.studiogera.de\/001\/2025\/10\/14\/stimmen-der-ukraine\/","title":{"rendered":"\u201eSTIMMEN DER UKRAINE\u201c"},"content":{"rendered":"\n<p><em>Zu literarisch-musikalischen Streifz\u00fcgen durch die Kultur und Geschichte der Ukraine sind Interessierte am 25. Oktober 2025 in das Evangelische Gemeindezentrum Lusan eingeladen.<\/em><\/p>\n\n\n\n<p>Im Rahmen seiner bundesweiten Tour gastiert das Kulturprojekt \u201eStimmen der Ukraine\u201c der Menschenrechtsorganisation Libereco Ende Oktober 2025 auch in mehreren Orten in Th\u00fcringen. \u201eEs war mir eine Herzensangelegenheit, dass wir die literarisch-musikalische Einblicke in die Kultur und Geschichte der Ukraine auch in meiner Th\u00fcringer Heimat zeigen\u201c, sagt Organisator Marco Fieber, der in Zella-Mehlis aufgewachsen ist und den gemeinn\u00fctzigen Verein leitet.<\/p>\n\n\n\n<p>Bei \u201eStimmen der Ukraine\u201c nehmen die Berliner Schauspieler Jan Uplegger und Mareile Metzner die Zuh\u00f6rer mit auf einen poetischen Streifzug durch das osteurop\u00e4ische Land. Die S\u00e4ngerinnen Iryna Lazer, Iryna Razin und Nataliia Kuprynenko begleiten diese Reise musikalisch zusammen mit dem Pianisten Yuriy Seredin. Im Anschluss wird mit dem Publikum \u00fcber Vergangenheit, Gegenwart und Zukunft der Ukraine diskutiert, dabei teilen die ukrainischen K\u00fcnstlerinnen auch ihre Fluchterfahrungen.<\/p>\n\n\n\n<p>\u201eSeit \u00fcber drei Jahren wird die Wahrnehmung der Ukraine vor allem durch die Kriegsberichterstattung gepr\u00e4gt. Mit \u201aStimmen der Ukraine\u2018 wollen wir Hintergr\u00fcnde zu Russlands Krieg gegen sein Nachbarland geben, der \u00fcber die t\u00e4glichen Schreckensmeldungen hinausgeht\u201c, bemerkt Fieber. Historische Ereignisse \u2014 von der freien Kosakenrepublik des 17. Jahrhunderts bis zur Revolution der W\u00fcrde auf dem Maidan in Kyjiw \u2014 bilden demnach dabei die Eckpunkte f\u00fcr das Verst\u00e4ndnis der Ukraine, seiner Kultur und Gesellschaft.<\/p>\n\n\n\n<p>Libereco ist eine unabh\u00e4ngige europ\u00e4ische Nichtregierungsorganisation mit Sitz in Berlin, die sich f\u00fcr den Schutz der Menschenrechte in Belarus und der Ukraine engagiert. Seit der Gr\u00fcndung im Jahr 2009 informiert Libereco \u00fcber Menschenrechtsverletzungen, unterst\u00fctzt Opfer von Krieg und Gewalt und engagiert sich in der Menschenrechtsbildung. In der Ukraine leistet Libereco seit \u00fcber zehn Jahren humanit\u00e4re Hilfe einschlie\u00dflich psychosozialer Unterst\u00fctzung.<\/p>\n\n\n\n<p><strong>Die Termine in Th\u00fcringen<\/strong><\/p>\n\n\n\n<ul class=\"wp-block-list\">\n<li>Freitag, 24. Oktober 2025, 19 Uhr: Luthersaal an der Stadtkirche St. Marien, Kirchplatz 4, 07570 Weida<\/li>\n\n\n\n<li>Samstag, 25. Oktober 2025, 19 Uhr: Evangelisches Gemeindezentrum Lusan, Weidenstra\u00dfe 8, 07549 Gera<\/li>\n\n\n\n<li>Sonntag, 26. Oktober 2025, 16 Uhr: Scheune am B\u00fcrgerhaus, Louis-Ansch\u00fctz-Stra\u00dfe 28, 98544 Zella-Mehlis<\/li>\n\n\n\n<li>Sonntag, 26. Oktober 2025, 19.30 Uhr: Kirche St. Trinitatis, Am Teich 2, 99102 Klettbach<\/li>\n\n\n\n<li>Montag, 27. Oktober 2025, 18.30 Uhr: Jazzclub, Juri-Gagarin-Ring 140 A, 99084 Erfurt<\/li>\n<\/ul>\n\n\n\n<p>Der Eintritt ist frei. Es wird um eine Anmeldung \u00fcber \u201ewww.libereco.org\/anmeldung\u201c gebeten. Die Veranstaltungen in Weida, Gera und Zella-Mehlis finden in Kooperation mit der Landeszentrale f\u00fcr politische Bildung Th\u00fcringen statt.<\/p>\n\n\n\n<p>QUELLE: LIBERECO<\/p>\n","protected":false},"excerpt":{"rendered":"<div class=\"mh-excerpt\"><p>Zu literarisch-musikalischen Streifz\u00fcgen durch die Kultur und Geschichte der Ukraine sind Interessierte am 25. Oktober 2025 in das Evangelische Gemeindezentrum Lusan eingeladen. Im Rahmen seiner bundesweiten Tour gastiert das Kulturprojekt \u201eStimmen der Ukraine\u201c der Menschenrechtsorganisation <a class=\"mh-excerpt-more\" href=\"https:\/\/www.studiogera.de\/001\/2025\/10\/14\/stimmen-der-ukraine\/\" title=\"\u201eSTIMMEN DER UKRAINE\u201c\">[&#8230;]<\/a><\/p>\n<\/div>","protected":false},"author":2,"featured_media":39542,"comment_status":"open","ping_status":"open","sticky":false,"template":"","format":"standard","meta":{"footnotes":""},"categories":[8],"tags":[],"class_list":{"0":"post-39541","1":"post","2":"type-post","3":"status-publish","4":"format-standard","5":"has-post-thumbnail","7":"category-kultur"},"_links":{"self":[{"href":"https:\/\/www.studiogera.de\/001\/wp-json\/wp\/v2\/posts\/39541","targetHints":{"allow":["GET"]}}],"collection":[{"href":"https:\/\/www.studiogera.de\/001\/wp-json\/wp\/v2\/posts"}],"about":[{"href":"https:\/\/www.studiogera.de\/001\/wp-json\/wp\/v2\/types\/post"}],"author":[{"embeddable":true,"href":"https:\/\/www.studiogera.de\/001\/wp-json\/wp\/v2\/users\/2"}],"replies":[{"embeddable":true,"href":"https:\/\/www.studiogera.de\/001\/wp-json\/wp\/v2\/comments?post=39541"}],"version-history":[{"count":2,"href":"https:\/\/www.studiogera.de\/001\/wp-json\/wp\/v2\/posts\/39541\/revisions"}],"predecessor-version":[{"id":39544,"href":"https:\/\/www.studiogera.de\/001\/wp-json\/wp\/v2\/posts\/39541\/revisions\/39544"}],"wp:featuredmedia":[{"embeddable":true,"href":"https:\/\/www.studiogera.de\/001\/wp-json\/wp\/v2\/media\/39542"}],"wp:attachment":[{"href":"https:\/\/www.studiogera.de\/001\/wp-json\/wp\/v2\/media?parent=39541"}],"wp:term":[{"taxonomy":"category","embeddable":true,"href":"https:\/\/www.studiogera.de\/001\/wp-json\/wp\/v2\/categories?post=39541"},{"taxonomy":"post_tag","embeddable":true,"href":"https:\/\/www.studiogera.de\/001\/wp-json\/wp\/v2\/tags?post=39541"}],"curies":[{"name":"wp","href":"https:\/\/api.w.org\/{rel}","templated":true}]}}