{"id":39545,"date":"2025-10-14T12:28:52","date_gmt":"2025-10-14T10:28:52","guid":{"rendered":"https:\/\/www.studiogera.de\/001\/?p=39545"},"modified":"2025-10-14T12:28:54","modified_gmt":"2025-10-14T10:28:54","slug":"alexander-krichel-ueber-seine-vorbereitungen-auf-ein-konzert","status":"publish","type":"post","link":"https:\/\/www.studiogera.de\/001\/2025\/10\/14\/alexander-krichel-ueber-seine-vorbereitungen-auf-ein-konzert\/","title":{"rendered":"ALEXANDER KRICHEL \u00dcBER SEINE VORBEREITUNGEN AUF EIN KONZERT"},"content":{"rendered":"\n<p>Am 8. und 9. Oktober 2025 war der international renommierte Pianist Alexander Krichel im Theater Gera zu erleben. Der geb\u00fcrtige Hamburger gilt als einer der brillantesten deutschen Pianisten. Nach seinem gefeierten Auftritt am Theater Altenburg Gera im vergangenen Jahr kehrte er zur\u00fcck und spielte Brahms\u2019 2. Klavierkonzert. Zuvor sprach das Theater mit ihm \u00fcber die Vorbereitungen, das Verh\u00e4ltnis zum Publikum und dar\u00fcber, wie er mit neuen Formaten sein Publikum erreichen m\u00f6chte.<\/p>\n\n\n\n<p><em>Sie werden Brahms\u2019 2. Klavierkonzert in Gera spielen \u2013 ein Werk, das als technisch anspruchsvoll beschrieben wird. Wie bereiten Sie sich mental und musikalisch auf ein Konzert vor?<\/em><\/p>\n\n\n\n<p>Ein Werk, vor allem eines wie das 2. Klavierkonzert von Brahms, begleitet einen als Musiker ein Leben lang. Man ist nie \u201efertig\u201c damit \u2013 es w\u00e4chst st\u00e4ndig, und man selbst w\u00e4chst mit.<\/p>\n\n\n\n<p><em>Als Pianist sind Sie st\u00e4ndig unterwegs und spielen in den verschiedensten Konzerts\u00e4len. Wie schaffen Sie es, schnell wieder die Verbindung zum Instrument und die n\u00f6tige Konzentration zu finden?<\/em><\/p>\n\n\n\n<p>Das st\u00e4ndige Wechseln der Instrumente geh\u00f6rt inzwischen zu meinem Alltag. Schon w\u00e4hrend des Studiums habe ich an einem Tag an mehreren, teilweise an f\u00fcnf unterschiedlichen Fl\u00fcgeln t\u00e4glich, ge\u00fcbt und dadurch gelernt, ihre Eigenheiten in Sekunden zu erfassen.<\/p>\n\n\n\n<p><em>Sie haben bereits in S\u00e4len wie der Elbphilharmonie in Hamburg oder in Tokio gespielt. Macht es f\u00fcr Sie einen Unterschied, in einem gro\u00dfen internationalen Haus zu stehen oder in einem Konzertsaal eines Stadttheaters aufzutreten?<\/em><\/p>\n\n\n\n<p>F\u00fcr mich ist es egal, wo ich spiele und vor allem f\u00fcr wie viele Menschen ich spiele, was z\u00e4hlt, sind die Menschen, die in dem Moment im Saal pr\u00e4sent sind und mit mir in Form von Musik in \u2013 entschuldigen Sie, wenn das jetzt esoterisch klingt \u2013 Raum und Zeit vereint sind. Nat\u00fcrlich war es ein unbeschreibliches Erlebnis, bei der Echo Klassik-Verleihung f\u00fcr mehrere Millionen Menschen live im ZDF zu spielen, aber selbst wenn ein Konzert einmal nicht gut besucht sein sollte, spielt man doch gerade dann gerne f\u00fcr diejenigen, die gekommen sind. Die Leute kaufen ein Ticket f\u00fcr Alexander Krichel und dann schulde ich Ihnen den bestm\u00f6glichen Alexander Krichel, egal ob in New York, Tokio, Paris \u2013 oder in Gera.<\/p>\n\n\n\n<p><em>Viele Ihrer Projekte zeigen, dass Sie gern neue Wege gehen, etwa mit Streaming-Formaten oder ungew\u00f6hnlichen Konzertorten. Gibt es eine Idee, die Sie unbedingt noch umsetzen m\u00f6chten?<\/em><\/p>\n\n\n\n<p>Mich treibt die Frage, wie man Menschen ber\u00fchrt, die vielleicht nicht ohnehin schon in den Konzertsaal kommen. In Krisenzeiten oder auch w\u00e4hrend der Pandemie habe ich erlebt, wie sehr Musik Br\u00fccken bauen kann. Und Not macht erfinderisch \u2013 daraus entstanden Formate wie das Autokino-Konzert oder mein Live-Video-Podcast aus der Hotelzimmer-Quarant\u00e4ne in Hong Kong, der immer noch auf Youtube zu sehen ist und mich in dieser doch eigenartigen und einzigartigen Zeit begleitet hat. Ich m\u00f6chte weiter Wege finden, Musik mitten ins Leben der Menschen zu bringen. Musik kann in schweren Situationen Trost spenden, Gemeinschaft schaffen und Sinn stiften.<\/p>\n\n\n\n<p><em>Wenn Sie nicht Pianist geworden w\u00e4ren \u2013 welche andere k\u00fcnstlerische oder vielleicht ganz andere Laufbahn h\u00e4tten Sie sich vorstellen k\u00f6nnen?<\/em><\/p>\n\n\n\n<p>Als Kind wollte ich immer gerne Zauberer werden, ich finde, dass das, was mit Musik erreicht werden kann, da ganz sch\u00f6n nah rankommt. Man ist tats\u00e4chlich in einer magischen Welt, die vor allem absolute Authentizit\u00e4t und radikale Ehrlichkeit fordert, ansonsten erreicht der Zauber einen nicht. Tats\u00e4chlich hatte ich aber nach dem Abitur einen Deal mit meiner Familie: ich habe mich nur f\u00fcr die Klasse von Vladimir Krainev in Hannover beworben damals, ich wollte zu niemandem anderen zum Studieren. Wenn er mich nicht genommen h\u00e4tte, h\u00e4tte ich Medizin studiert. Da damals quasi jeder bei ihm studieren wollte, war sich meine Familie der Sache sicher, dass es nicht \u201edie brotlose Kunst\u201c wird. Aber zum Gl\u00fcck kam es anders, und ich darf meinen Traum leben.<\/p>\n\n\n\n<p><em>Viele Menschen denken bei \u201eklassischem Konzert\u201c sofort an strenge Etikette. Was w\u00fcrden Sie jemandem sagen, der vielleicht zum ersten Mal zu einem Konzert wie diesem kommt?<\/em><\/p>\n\n\n\n<p>Ich w\u00fcrde sagen: einfach kommen und sich darauf einlassen. Ganz ohne Hemmungen. Ich glaube, dass das Bild einer strengen Etikette mittlerweile vielerorts l\u00e4ngst \u00fcberholt ist. Klassische Musik ist keine geheime Sprache f\u00fcr Eingeweihte, sondern eine universelle Ausdrucksform, die jeden emotional unfassbar tief erreichen und bewegen kann, auch wenn man vorher keine Ber\u00fchrungspunkte damit hatte. Das haben mir Klassik-\u201eNeulinge\u201c h\u00e4ufig nach Konzerten zur\u00fcckgemeldet. Mit pers\u00f6nlich ist es egal, was jemand beispielsweise bei meinen Konzerten anzieht oder ob dann jemand, wenn er total enthusiastisch ist, auch mal zwischen den S\u00e4tzen klatscht. Das ist authentisch. Es geht um die Sache, um die Musik an sich.<\/p>\n\n\n\n<div style=\"height:100px\" aria-hidden=\"true\" class=\"wp-block-spacer\"><\/div>\n\n\n\n<p>Mit 24 Jahren hatte Alexander Krichel bereits einen Exklusivvertrag bei Sony und einen Echo Klassik als Nachwuchsk\u00fcnstler des Jahres in der Tasche. Inzwischen kann man den \u201eNachwuchs\u201c streichen, Krichel hat l\u00e4ngst einen vollen Konzertkalender und ist als international renommierter K\u00fcnstler sowohl auf nationalem als auch internationalem Parkett zu Hause: Er gab Konzerte in der Elbphilharmonie Hamburg und in der Tonhalle Zu\u0308rich. Ebenso war er in New York, Shanghai, Tokio, St. Petersburg, Oslo, und vielen weiteren Sta\u0308dten eingeladen. Neben Auftritten u. a. mit dem HR-Sinfonieorchester und der Deutschen Staatsphilharmonie Rheinland-Pfalz ist Krichel ein gern gesehener Gast beim Kyoto Symphony Orchestra, den Festival Strings Lucerne und anderen.<\/p>\n\n\n\n<p>Eintrittskarten sind an den Theaterkassen sowie \u00fcber die Webseite des Theaters erh\u00e4ltlich. Diese sind unter der Rufnummer 0365 8279105 bzw. 03447 585160 sowie \u00fcber \u201ehttps:\/\/theater-altenburg-gera.de\/\u201d erreichbar.<\/p>\n\n\n\n<p>QUELLE: THEATER ALTENBURG GERA GGMBH<\/p>\n","protected":false},"excerpt":{"rendered":"<div class=\"mh-excerpt\"><p>Am 8. und 9. Oktober 2025 war der international renommierte Pianist Alexander Krichel im Theater Gera zu erleben. Der geb\u00fcrtige Hamburger gilt als einer der brillantesten deutschen Pianisten. Nach seinem gefeierten Auftritt am Theater Altenburg <a class=\"mh-excerpt-more\" href=\"https:\/\/www.studiogera.de\/001\/2025\/10\/14\/alexander-krichel-ueber-seine-vorbereitungen-auf-ein-konzert\/\" title=\"ALEXANDER KRICHEL \u00dcBER SEINE VORBEREITUNGEN AUF EIN KONZERT\">[&#8230;]<\/a><\/p>\n<\/div>","protected":false},"author":2,"featured_media":39546,"comment_status":"open","ping_status":"open","sticky":false,"template":"","format":"standard","meta":{"footnotes":""},"categories":[15],"tags":[],"class_list":{"0":"post-39545","1":"post","2":"type-post","3":"status-publish","4":"format-standard","5":"has-post-thumbnail","7":"category-theater"},"_links":{"self":[{"href":"https:\/\/www.studiogera.de\/001\/wp-json\/wp\/v2\/posts\/39545","targetHints":{"allow":["GET"]}}],"collection":[{"href":"https:\/\/www.studiogera.de\/001\/wp-json\/wp\/v2\/posts"}],"about":[{"href":"https:\/\/www.studiogera.de\/001\/wp-json\/wp\/v2\/types\/post"}],"author":[{"embeddable":true,"href":"https:\/\/www.studiogera.de\/001\/wp-json\/wp\/v2\/users\/2"}],"replies":[{"embeddable":true,"href":"https:\/\/www.studiogera.de\/001\/wp-json\/wp\/v2\/comments?post=39545"}],"version-history":[{"count":1,"href":"https:\/\/www.studiogera.de\/001\/wp-json\/wp\/v2\/posts\/39545\/revisions"}],"predecessor-version":[{"id":39547,"href":"https:\/\/www.studiogera.de\/001\/wp-json\/wp\/v2\/posts\/39545\/revisions\/39547"}],"wp:featuredmedia":[{"embeddable":true,"href":"https:\/\/www.studiogera.de\/001\/wp-json\/wp\/v2\/media\/39546"}],"wp:attachment":[{"href":"https:\/\/www.studiogera.de\/001\/wp-json\/wp\/v2\/media?parent=39545"}],"wp:term":[{"taxonomy":"category","embeddable":true,"href":"https:\/\/www.studiogera.de\/001\/wp-json\/wp\/v2\/categories?post=39545"},{"taxonomy":"post_tag","embeddable":true,"href":"https:\/\/www.studiogera.de\/001\/wp-json\/wp\/v2\/tags?post=39545"}],"curies":[{"name":"wp","href":"https:\/\/api.w.org\/{rel}","templated":true}]}}