{"id":39548,"date":"2025-10-14T12:37:03","date_gmt":"2025-10-14T10:37:03","guid":{"rendered":"https:\/\/www.studiogera.de\/001\/?p=39548"},"modified":"2025-10-14T12:37:04","modified_gmt":"2025-10-14T10:37:04","slug":"klassik-karaoke-wenn-gera-gemeinsam-singt","status":"publish","type":"post","link":"https:\/\/www.studiogera.de\/001\/2025\/10\/14\/klassik-karaoke-wenn-gera-gemeinsam-singt\/","title":{"rendered":"KLASSIK-KARAOKE \u2013 WENN GERA GEMEINSAM SINGT"},"content":{"rendered":"\n<p>Am Samstag, den 1. November 2025, 11 Uhr, hei\u00dft es im Konzertsaal des Theaters Gera: B\u00fchne frei f\u00fcr alle, die Spa\u00df am Singen haben. Gemeinsam mit dem MDR Klassik feiert das F\u00fcnf-Sparten-Haus das \u201eJahr der Stimme\u201c \u2013 und l\u00e4dt Profis wie Laien zu einer ganz besonderen Klassik-Karaoke-Aktion ein.<\/p>\n\n\n\n<p>Ob Opernfan, Duschgesang-Champion oder einfach neugierig: Hier wird das Publikum selbst zum Chor. Zusammen mit unserem Opernchor, dem Philharmonischen Chor sowie dem Kinder- und Jugendchor unter der Leitung unserer neuen Chordirektorin Judith Bothe werden weltbekannt Melodien \u2013 von Beethovens \u201eFreude, sch\u00f6ner G\u00f6tterfunken\u201c \u00fcber Verdis \u201eGefangenenchor\u201c bis hin zu \u201eMemory\u201c aus Cats und einem lateinamerikanischen Volkslied.<\/p>\n\n\n\n<p>Ein kurzes Warm-up sorgt daf\u00fcr, dass alle Stimmen in Schwung kommen \u2013 mit jeder Menge Spa\u00df. Denn bei dieser Aktion steht eines im Mittelpunkt: die Freude am gemeinsamen Singen.<\/p>\n\n\n\n<p>Das Theater freut sich, egal ob Laie oder Profi, auf sangesfreudige, wie neugierige Menschen jeder Altersgruppe und eine unvergessliche Aktion. Der Eintritt ist frei.<\/p>\n\n\n\n<p>Die Veranstaltung ist Teil einer gro\u00dfen mitteldeutschen Aktion in Kooperation mit MDR Klassik, an der weitere acht Theater beteiligen.<\/p>\n\n\n\n<p><strong>Das Jahr der Stimme<\/strong><br>Seit 2008 w\u00e4hlen die Landesmusikr\u00e4te in Deutschland ein Instrument des Jahres \u2013 2025 ist es die Stimme. Die Stimme ist das \u00e4lteste Instrument der Welt und verbindet Menschen miteinander.<\/p>\n\n\n\n<p><strong>Einzigartige Theaterlandschaft Mitteldeutschland<\/strong><br>Mitteldeutschland verf\u00fcgt \u00fcber eine weltweit einzigartige Theaterdichte, in der allein 19 professionelle Musiktheater-Ensembles auf hohem Niveau musizieren. Im Jahr der Stimme r\u00fcckt MDR Klassik diese besondere Kulturlandschaft mit dieser Aktion in den Mittelpunkt.<\/p>\n\n\n\n<p>Eintrittskarten sind an den Theaterkassen sowie \u00fcber die Webseite des Theaters erh\u00e4ltlich. Diese sind unter der Rufnummer 0365 8279105 bzw. 03447 585160 sowie \u00fcber \u201ehttps:\/\/theater-altenburg-gera.de\/\u201d erreichbar.<\/p>\n\n\n\n<p>QUELLE: THEATER ALTENBURG GERA GGMBH<\/p>\n","protected":false},"excerpt":{"rendered":"<div class=\"mh-excerpt\"><p>Am Samstag, den 1. November 2025, 11 Uhr, hei\u00dft es im Konzertsaal des Theaters Gera: B\u00fchne frei f\u00fcr alle, die Spa\u00df am Singen haben. Gemeinsam mit dem MDR Klassik feiert das F\u00fcnf-Sparten-Haus das \u201eJahr der <a class=\"mh-excerpt-more\" href=\"https:\/\/www.studiogera.de\/001\/2025\/10\/14\/klassik-karaoke-wenn-gera-gemeinsam-singt\/\" title=\"KLASSIK-KARAOKE \u2013 WENN GERA GEMEINSAM SINGT\">[&#8230;]<\/a><\/p>\n<\/div>","protected":false},"author":2,"featured_media":39549,"comment_status":"open","ping_status":"open","sticky":false,"template":"","format":"standard","meta":{"footnotes":""},"categories":[15],"tags":[],"class_list":{"0":"post-39548","1":"post","2":"type-post","3":"status-publish","4":"format-standard","5":"has-post-thumbnail","7":"category-theater"},"_links":{"self":[{"href":"https:\/\/www.studiogera.de\/001\/wp-json\/wp\/v2\/posts\/39548","targetHints":{"allow":["GET"]}}],"collection":[{"href":"https:\/\/www.studiogera.de\/001\/wp-json\/wp\/v2\/posts"}],"about":[{"href":"https:\/\/www.studiogera.de\/001\/wp-json\/wp\/v2\/types\/post"}],"author":[{"embeddable":true,"href":"https:\/\/www.studiogera.de\/001\/wp-json\/wp\/v2\/users\/2"}],"replies":[{"embeddable":true,"href":"https:\/\/www.studiogera.de\/001\/wp-json\/wp\/v2\/comments?post=39548"}],"version-history":[{"count":1,"href":"https:\/\/www.studiogera.de\/001\/wp-json\/wp\/v2\/posts\/39548\/revisions"}],"predecessor-version":[{"id":39550,"href":"https:\/\/www.studiogera.de\/001\/wp-json\/wp\/v2\/posts\/39548\/revisions\/39550"}],"wp:featuredmedia":[{"embeddable":true,"href":"https:\/\/www.studiogera.de\/001\/wp-json\/wp\/v2\/media\/39549"}],"wp:attachment":[{"href":"https:\/\/www.studiogera.de\/001\/wp-json\/wp\/v2\/media?parent=39548"}],"wp:term":[{"taxonomy":"category","embeddable":true,"href":"https:\/\/www.studiogera.de\/001\/wp-json\/wp\/v2\/categories?post=39548"},{"taxonomy":"post_tag","embeddable":true,"href":"https:\/\/www.studiogera.de\/001\/wp-json\/wp\/v2\/tags?post=39548"}],"curies":[{"name":"wp","href":"https:\/\/api.w.org\/{rel}","templated":true}]}}