{"id":39552,"date":"2025-10-14T13:20:41","date_gmt":"2025-10-14T11:20:41","guid":{"rendered":"https:\/\/www.studiogera.de\/001\/?p=39552"},"modified":"2025-10-14T13:20:42","modified_gmt":"2025-10-14T11:20:42","slug":"bewerbungen-fuer-pop-up-huette-nur-noch-bis-24-oktober-2025-moeglich","status":"publish","type":"post","link":"https:\/\/www.studiogera.de\/001\/2025\/10\/14\/bewerbungen-fuer-pop-up-huette-nur-noch-bis-24-oktober-2025-moeglich\/","title":{"rendered":"BEWERBUNGEN F\u00dcR POP-UP-H\u00dcTTE NUR NOCH BIS 24. OKTOBER 2025 M\u00d6GLICH"},"content":{"rendered":"\n<p>Nach der erfolgreichen Premiere im vergangenen Jahr wird es auch 2025 wieder eine Pop-Up-H\u00fctte auf dem Weihnachtsmarkt geben. Vom 27. November bis 23. Dezember 2025 erhalten H\u00e4ndler, Kunsthandwerker und Kulturschaffende aus Gera und der Region die M\u00f6glichkeit, ihre Produkte, Ideen und Projekte mitten in der Innenstadt zu pr\u00e4sentieren. Das Besondere an der Pop-Up-H\u00fctte ist das t\u00e4glich wechselnde Angebot: Jeden Tag gestaltet ein anderer Anbieter das Programm, sodass die Besucher immer wieder Neues entdecken k\u00f6nnen \u2014 von handgefertigten Geschenkideen \u00fcber kulinarische Spezialit\u00e4ten bis hin zu kreativen Aktionen.<\/p>\n\n\n\n<p>Neu in diesem Jahr ist der Stadtort der H\u00fctte. Sie wird direkt auf dem Marktplatz und so mitten im Weihnachtsmarkt stehen. Dadurch profitieren die Anbieter von einer noch gr\u00f6\u00dferen Sichtbarkeit und auch die Betreuung durch das Citymanagement wird vereinfacht. F\u00fcr die Teilnahme wird dieses Jahr ein Nutzungsentgelt in H\u00f6he von 55 Euro pro Tag erhoben.<\/p>\n\n\n\n<p>Interessierte k\u00f6nnen sich ab sofort \u00fcber ein Bewerbungsformular anmelden. Bewerbungen sind bis zum 24. Oktober 2025 m\u00f6glich.<\/p>\n\n\n\n<p><a href=\"https:\/\/www.gera.de\/pop-up-huette\">https:\/\/www.gera.de\/pop-up-huette<\/a><\/p>\n\n\n\n<p>Ansprechpartner ist Frau Elisabeth Kotschew, Citymanager der Stadt Gera. Sie ist erreichbar unter den Rufnummern +4936577307666 und +491637373079 sowie \u00fcber \u201ecitymanagement@gera.de\u201c.<\/p>\n\n\n\n<p>QUELLE: STADTVERWALTUNG<\/p>\n","protected":false},"excerpt":{"rendered":"<div class=\"mh-excerpt\"><p>Nach der erfolgreichen Premiere im vergangenen Jahr wird es auch 2025 wieder eine Pop-Up-H\u00fctte auf dem Weihnachtsmarkt geben. Vom 27. November bis 23. Dezember 2025 erhalten H\u00e4ndler, Kunsthandwerker und Kulturschaffende aus Gera und der Region <a class=\"mh-excerpt-more\" href=\"https:\/\/www.studiogera.de\/001\/2025\/10\/14\/bewerbungen-fuer-pop-up-huette-nur-noch-bis-24-oktober-2025-moeglich\/\" title=\"BEWERBUNGEN F\u00dcR POP-UP-H\u00dcTTE NUR NOCH BIS 24. OKTOBER 2025 M\u00d6GLICH\">[&#8230;]<\/a><\/p>\n<\/div>","protected":false},"author":2,"featured_media":35759,"comment_status":"open","ping_status":"open","sticky":false,"template":"","format":"standard","meta":{"footnotes":""},"categories":[16],"tags":[],"class_list":{"0":"post-39552","1":"post","2":"type-post","3":"status-publish","4":"format-standard","5":"has-post-thumbnail","7":"category-kurzmitteilungen"},"_links":{"self":[{"href":"https:\/\/www.studiogera.de\/001\/wp-json\/wp\/v2\/posts\/39552","targetHints":{"allow":["GET"]}}],"collection":[{"href":"https:\/\/www.studiogera.de\/001\/wp-json\/wp\/v2\/posts"}],"about":[{"href":"https:\/\/www.studiogera.de\/001\/wp-json\/wp\/v2\/types\/post"}],"author":[{"embeddable":true,"href":"https:\/\/www.studiogera.de\/001\/wp-json\/wp\/v2\/users\/2"}],"replies":[{"embeddable":true,"href":"https:\/\/www.studiogera.de\/001\/wp-json\/wp\/v2\/comments?post=39552"}],"version-history":[{"count":1,"href":"https:\/\/www.studiogera.de\/001\/wp-json\/wp\/v2\/posts\/39552\/revisions"}],"predecessor-version":[{"id":39553,"href":"https:\/\/www.studiogera.de\/001\/wp-json\/wp\/v2\/posts\/39552\/revisions\/39553"}],"wp:featuredmedia":[{"embeddable":true,"href":"https:\/\/www.studiogera.de\/001\/wp-json\/wp\/v2\/media\/35759"}],"wp:attachment":[{"href":"https:\/\/www.studiogera.de\/001\/wp-json\/wp\/v2\/media?parent=39552"}],"wp:term":[{"taxonomy":"category","embeddable":true,"href":"https:\/\/www.studiogera.de\/001\/wp-json\/wp\/v2\/categories?post=39552"},{"taxonomy":"post_tag","embeddable":true,"href":"https:\/\/www.studiogera.de\/001\/wp-json\/wp\/v2\/tags?post=39552"}],"curies":[{"name":"wp","href":"https:\/\/api.w.org\/{rel}","templated":true}]}}