{"id":39554,"date":"2025-10-14T22:15:08","date_gmt":"2025-10-14T20:15:08","guid":{"rendered":"https:\/\/www.studiogera.de\/001\/?p=39554"},"modified":"2025-10-14T22:15:09","modified_gmt":"2025-10-14T20:15:09","slug":"einsaetze-der-feuerwehr-22","status":"publish","type":"post","link":"https:\/\/www.studiogera.de\/001\/2025\/10\/14\/einsaetze-der-feuerwehr-22\/","title":{"rendered":"EINS\u00c4TZE DER FEUERWEHR"},"content":{"rendered":"\n<p>Am 14. Oktober 2025 wurde die Feuerwehr in den Maienweg beordert. Der Grund war ein Kleinbrand auf dem Balkon einer Wohnung, die sich im dritten Obergeschoss befand. Das Feuer griff auf die Fasade \u00fcber. Die Feuerwehr l\u00f6schte es und bel\u00fcftete die betroffenen Bereiche.<\/p>\n\n\n\n<p>Gegen 17.15 Uhr r\u00fcckte die Freiwillige Feuerwehr Gera-Mitte gemeinsam mit dem R\u00fcstzug der hauptamtlichen Kr\u00e4fte, dem F\u00fchrungsdienst der Stufe B, sowie der Feuerwehr Langenberg zu einem Verkehrsunfall auf die BAB 4 Richtung Dresden aus. Ein Unfall mit zwei beteiligten Fahrzeugen hatte auslaufende Betriebsstoffe zur Folge. Die Unfallstelle und die PKW wurden gesichert, die Betriebsstoffe gebunden. W\u00e4hrend der Arbeiten war die Richtungsfahrbahn vollst\u00e4ndig gesperrt.<\/p>\n","protected":false},"excerpt":{"rendered":"<div class=\"mh-excerpt\"><p>Am 14. Oktober 2025 wurde die Feuerwehr in den Maienweg beordert. Der Grund war ein Kleinbrand auf dem Balkon einer Wohnung, die sich im dritten Obergeschoss befand. Das Feuer griff auf die Fasade \u00fcber. Die <a class=\"mh-excerpt-more\" href=\"https:\/\/www.studiogera.de\/001\/2025\/10\/14\/einsaetze-der-feuerwehr-22\/\" title=\"EINS\u00c4TZE DER FEUERWEHR\">[&#8230;]<\/a><\/p>\n<\/div>","protected":false},"author":3,"featured_media":15687,"comment_status":"open","ping_status":"open","sticky":false,"template":"","format":"standard","meta":{"footnotes":""},"categories":[13],"tags":[],"class_list":{"0":"post-39554","1":"post","2":"type-post","3":"status-publish","4":"format-standard","5":"has-post-thumbnail","7":"category-polizeiberichte"},"_links":{"self":[{"href":"https:\/\/www.studiogera.de\/001\/wp-json\/wp\/v2\/posts\/39554","targetHints":{"allow":["GET"]}}],"collection":[{"href":"https:\/\/www.studiogera.de\/001\/wp-json\/wp\/v2\/posts"}],"about":[{"href":"https:\/\/www.studiogera.de\/001\/wp-json\/wp\/v2\/types\/post"}],"author":[{"embeddable":true,"href":"https:\/\/www.studiogera.de\/001\/wp-json\/wp\/v2\/users\/3"}],"replies":[{"embeddable":true,"href":"https:\/\/www.studiogera.de\/001\/wp-json\/wp\/v2\/comments?post=39554"}],"version-history":[{"count":1,"href":"https:\/\/www.studiogera.de\/001\/wp-json\/wp\/v2\/posts\/39554\/revisions"}],"predecessor-version":[{"id":39555,"href":"https:\/\/www.studiogera.de\/001\/wp-json\/wp\/v2\/posts\/39554\/revisions\/39555"}],"wp:featuredmedia":[{"embeddable":true,"href":"https:\/\/www.studiogera.de\/001\/wp-json\/wp\/v2\/media\/15687"}],"wp:attachment":[{"href":"https:\/\/www.studiogera.de\/001\/wp-json\/wp\/v2\/media?parent=39554"}],"wp:term":[{"taxonomy":"category","embeddable":true,"href":"https:\/\/www.studiogera.de\/001\/wp-json\/wp\/v2\/categories?post=39554"},{"taxonomy":"post_tag","embeddable":true,"href":"https:\/\/www.studiogera.de\/001\/wp-json\/wp\/v2\/tags?post=39554"}],"curies":[{"name":"wp","href":"https:\/\/api.w.org\/{rel}","templated":true}]}}