{"id":39558,"date":"2025-10-15T12:02:58","date_gmt":"2025-10-15T10:02:58","guid":{"rendered":"https:\/\/www.studiogera.de\/001\/?p=39558"},"modified":"2025-10-15T12:02:59","modified_gmt":"2025-10-15T10:02:59","slug":"schlaegerei-im-oepnv","status":"publish","type":"post","link":"https:\/\/www.studiogera.de\/001\/2025\/10\/15\/schlaegerei-im-oepnv\/","title":{"rendered":"SCHL\u00c4GEREI IM \u00d6PNV"},"content":{"rendered":"\n<p>Am 14. Oktober 2025 erhielt die Polizei gegen 15 Uhr die Meldung \u00fcber eine Schl\u00e4gerei in einem Stra\u00dfenbahntriebwagen der Linie 3. Wenige Minuten sp\u00e4ter konnte die betreffende Tram an der Haltestelle &#8222;Hinter der Mauer&#8220; durch die Beamten gepr\u00fcft werden. Zwei deutsche M\u00e4nner im Alter von 17 bzw. 38 Jahren waren demnach derart in Streit geraten, dass sie anfingen, sich gegenseitig ins Gesicht zu schlagen. Beide wurden dabei jeweils leicht verletzt. Den Grund des Streits erfuhr die Polizei zun\u00e4chst nicht. Dazu wird nun in einem Ermittlungsverfahren wegen wechselseitiger K\u00f6rperverletzung geforscht werden.<\/p>\n","protected":false},"excerpt":{"rendered":"<div class=\"mh-excerpt\"><p>Am 14. Oktober 2025 erhielt die Polizei gegen 15 Uhr die Meldung \u00fcber eine Schl\u00e4gerei in einem Stra\u00dfenbahntriebwagen der Linie 3. Wenige Minuten sp\u00e4ter konnte die betreffende Tram an der Haltestelle &#8222;Hinter der Mauer&#8220; durch <a class=\"mh-excerpt-more\" href=\"https:\/\/www.studiogera.de\/001\/2025\/10\/15\/schlaegerei-im-oepnv\/\" title=\"SCHL\u00c4GEREI IM \u00d6PNV\">[&#8230;]<\/a><\/p>\n<\/div>","protected":false},"author":3,"featured_media":9353,"comment_status":"open","ping_status":"open","sticky":false,"template":"","format":"standard","meta":{"footnotes":""},"categories":[13],"tags":[],"class_list":{"0":"post-39558","1":"post","2":"type-post","3":"status-publish","4":"format-standard","5":"has-post-thumbnail","7":"category-polizeiberichte"},"_links":{"self":[{"href":"https:\/\/www.studiogera.de\/001\/wp-json\/wp\/v2\/posts\/39558","targetHints":{"allow":["GET"]}}],"collection":[{"href":"https:\/\/www.studiogera.de\/001\/wp-json\/wp\/v2\/posts"}],"about":[{"href":"https:\/\/www.studiogera.de\/001\/wp-json\/wp\/v2\/types\/post"}],"author":[{"embeddable":true,"href":"https:\/\/www.studiogera.de\/001\/wp-json\/wp\/v2\/users\/3"}],"replies":[{"embeddable":true,"href":"https:\/\/www.studiogera.de\/001\/wp-json\/wp\/v2\/comments?post=39558"}],"version-history":[{"count":1,"href":"https:\/\/www.studiogera.de\/001\/wp-json\/wp\/v2\/posts\/39558\/revisions"}],"predecessor-version":[{"id":39559,"href":"https:\/\/www.studiogera.de\/001\/wp-json\/wp\/v2\/posts\/39558\/revisions\/39559"}],"wp:featuredmedia":[{"embeddable":true,"href":"https:\/\/www.studiogera.de\/001\/wp-json\/wp\/v2\/media\/9353"}],"wp:attachment":[{"href":"https:\/\/www.studiogera.de\/001\/wp-json\/wp\/v2\/media?parent=39558"}],"wp:term":[{"taxonomy":"category","embeddable":true,"href":"https:\/\/www.studiogera.de\/001\/wp-json\/wp\/v2\/categories?post=39558"},{"taxonomy":"post_tag","embeddable":true,"href":"https:\/\/www.studiogera.de\/001\/wp-json\/wp\/v2\/tags?post=39558"}],"curies":[{"name":"wp","href":"https:\/\/api.w.org\/{rel}","templated":true}]}}