{"id":39560,"date":"2025-10-15T12:08:06","date_gmt":"2025-10-15T10:08:06","guid":{"rendered":"https:\/\/www.studiogera.de\/001\/?p=39560"},"modified":"2025-10-15T12:08:07","modified_gmt":"2025-10-15T10:08:07","slug":"vorfall-in-der-zentralen-notaufnahme","status":"publish","type":"post","link":"https:\/\/www.studiogera.de\/001\/2025\/10\/15\/vorfall-in-der-zentralen-notaufnahme\/","title":{"rendered":"VORFALL IN DER ZENTRALEN NOTAUFNAHME"},"content":{"rendered":"\n<p>Ein 65-j\u00e4hriger Deutscher sorgte am 14. Oktober 2025 gegen 15.20 Uhr f\u00fcr Unruhe im Krankenhaus in der Stra\u00dfe des Friedens. Der stark alkoholisierte Mann war nicht behandlungsbed\u00fcrftig, wollte aber auch den Wartebereich der Notaufnahme nicht verlassen. Polizeibeamte, die wegen einer anderen Einsatzma\u00dfnahme zuf\u00e4llig zugegen waren, forderten den Herrn schlie\u00dflich auf, der Weisung des Klinikpersonals nachzukommen. Das missfiel dem Betrunkenen; er versuchte unvermittelt, einen Polizisten mit der Faust ins Gesicht zu schlagen. Daraufhin wurde der 65-J\u00e4hrige zu Boden gebracht und in Handschellen aus der Notaufnahme gef\u00fchrt. Dabei beleidigte er die Beamten, drohte ihnen und den Umstehenden Schl\u00e4ge an. Den weiteren Nachmittag verbrachte er in der Gewahrsamszelle der Polizei. In der Folge wird er sich unter anderem wegen t\u00e4tlichen Angriffs auf Vollstreckungsbeamte, Beleidigung und Bedrohung strafrechtlich verantworten m\u00fcssen.<\/p>\n","protected":false},"excerpt":{"rendered":"<div class=\"mh-excerpt\"><p>Ein 65-j\u00e4hriger Deutscher sorgte am 14. Oktober 2025 gegen 15.20 Uhr f\u00fcr Unruhe im Krankenhaus in der Stra\u00dfe des Friedens. Der stark alkoholisierte Mann war nicht behandlungsbed\u00fcrftig, wollte aber auch den Wartebereich der Notaufnahme nicht <a class=\"mh-excerpt-more\" href=\"https:\/\/www.studiogera.de\/001\/2025\/10\/15\/vorfall-in-der-zentralen-notaufnahme\/\" title=\"VORFALL IN DER ZENTRALEN NOTAUFNAHME\">[&#8230;]<\/a><\/p>\n<\/div>","protected":false},"author":3,"featured_media":33258,"comment_status":"open","ping_status":"open","sticky":false,"template":"","format":"standard","meta":{"footnotes":""},"categories":[13],"tags":[],"class_list":{"0":"post-39560","1":"post","2":"type-post","3":"status-publish","4":"format-standard","5":"has-post-thumbnail","7":"category-polizeiberichte"},"_links":{"self":[{"href":"https:\/\/www.studiogera.de\/001\/wp-json\/wp\/v2\/posts\/39560","targetHints":{"allow":["GET"]}}],"collection":[{"href":"https:\/\/www.studiogera.de\/001\/wp-json\/wp\/v2\/posts"}],"about":[{"href":"https:\/\/www.studiogera.de\/001\/wp-json\/wp\/v2\/types\/post"}],"author":[{"embeddable":true,"href":"https:\/\/www.studiogera.de\/001\/wp-json\/wp\/v2\/users\/3"}],"replies":[{"embeddable":true,"href":"https:\/\/www.studiogera.de\/001\/wp-json\/wp\/v2\/comments?post=39560"}],"version-history":[{"count":1,"href":"https:\/\/www.studiogera.de\/001\/wp-json\/wp\/v2\/posts\/39560\/revisions"}],"predecessor-version":[{"id":39561,"href":"https:\/\/www.studiogera.de\/001\/wp-json\/wp\/v2\/posts\/39560\/revisions\/39561"}],"wp:featuredmedia":[{"embeddable":true,"href":"https:\/\/www.studiogera.de\/001\/wp-json\/wp\/v2\/media\/33258"}],"wp:attachment":[{"href":"https:\/\/www.studiogera.de\/001\/wp-json\/wp\/v2\/media?parent=39560"}],"wp:term":[{"taxonomy":"category","embeddable":true,"href":"https:\/\/www.studiogera.de\/001\/wp-json\/wp\/v2\/categories?post=39560"},{"taxonomy":"post_tag","embeddable":true,"href":"https:\/\/www.studiogera.de\/001\/wp-json\/wp\/v2\/tags?post=39560"}],"curies":[{"name":"wp","href":"https:\/\/api.w.org\/{rel}","templated":true}]}}