{"id":39562,"date":"2025-10-15T13:36:37","date_gmt":"2025-10-15T11:36:37","guid":{"rendered":"https:\/\/www.studiogera.de\/001\/?p=39562"},"modified":"2025-10-15T13:36:38","modified_gmt":"2025-10-15T11:36:38","slug":"star-cellist-michael-heupel-kommt-nach-ostthueringen","status":"publish","type":"post","link":"https:\/\/www.studiogera.de\/001\/2025\/10\/15\/star-cellist-michael-heupel-kommt-nach-ostthueringen\/","title":{"rendered":"STAR-CELLIST MICHAEL HEUPEL KOMMT NACH OSTTH\u00dcRINGEN"},"content":{"rendered":"\n<p>Mit seinem ausdrucksstarken Spiel, seiner weltweiten Konzertt\u00e4tigkeit und seiner Leidenschaft f\u00fcr die Vermittlung klassischer Musik begeistert Michael Heupel Publikum und Fachwelt gleicherma\u00dfen. Beim 3. Philharmonischen Konzert des Theaters Altenburg Gera interpretiert er das Konzert f\u00fcr Violoncello und Orchester \u201eInvocazione\u201c von Ermanno Wolf-Ferrari. Das Theater hat mit dem deutsch-griechischen Musiker \u00fcber die Kraft der Musik, sein besonderes Instrument und die Verbindung zum Publikum gesprochen.<\/p>\n\n\n\n<p><em>Sie spielen auf einem au\u00dfergew\u00f6hnlichen Instrument \u2013 einem Cello, das 1723 von David Tecchler in Rom gebaut wurde. Was bedeutet es f\u00fcr Sie, auf einem so historischen Instrument zu musizieren?<\/em><\/p>\n\n\n\n<p>Mein Cello ist meine lebendigste Verbindung zur Musik: nicht nur, weil ich durch es spiele, sondern weil sein Alter und all die Risse und Spuren, die die Zeit darauf hinterlassen hat, mich immer wieder daran erinnern, dass ich nur ein kleiner Teil seiner langen Geschichte bin.<\/p>\n\n\n\n<p><em>Auch Ihre Einladung zur UN-Klimakonferenz 2009 in Kopenhagen war ungew\u00f6hnlich \u2013 Sie gestalteten dort ein Soloprogramm mit dem Titel \u201eThe planet\u2019s deep expectations\u201c. Wie kam es dazu?<\/em><\/p>\n\n\n\n<p>Ich spielte damals viele Solo-Konzerte in Griechenland. Bei einem dieser Auftritte befanden sich einige Mitglieder der griechischen Delegation im Publikum. Nach dem Konzert sprachen sie mich an, erz\u00e4hlten mir von der Klimakonferenz und fragten, ob ich Interesse h\u00e4tte, dort ein Soloprogramm zu gestalten. Ich war noch recht jung und konnte kaum glauben, pl\u00f6tzlich vor einem riesigen Publikum zu spielen \u2013 mit G\u00e4sten wie Barack Obama, Al Gore und Angela Merkel im Saal!<\/p>\n\n\n\n<p><em>Ihre bisherigen Projekte wie \u201eDas Geschenk von Un\u201c, \u201eHommage an Greco\u201c oder das \u201eSisyphos Projekt\u201c verbinden Musik mit Tanz, bildender Kunst und Choreografie. Wie entstehen diese interdisziplin\u00e4ren Konzepte, und was treibt Sie an, immer wieder neue Formate zu entwickeln?<\/em><\/p>\n\n\n\n<p>Musik existiert f\u00fcr mich nie isoliert; sie ist untrennbar verbunden mit Kunst, Tanz, Ort, Geschichte. Oft versuche ich, diese Verbindungen durch interdisziplin\u00e4re Projekte zu vermitteln, manchmal entstehen sie aber auch allein aus den Inhalten eines Werkes. Deshalb war es mir besonders wichtig, im Rahmen der Zusammenarbeit mit dem Theater Altenburg Gera das Wolf-Ferrari-Konzert zu pr\u00e4sentieren. Meine Vorfahren, darunter mein Urgro\u00dfonkel, der Cellist Paul Gr\u00fcmmer, dem das Werk gewidmet ist, wurden alle in Gera geboren. Gleichzeitig bleibt die Botschaft des Konzerts \u2013 ein \u201eGebet f\u00fcr den Frieden\u201c \u2013 heute aktueller denn je.<\/p>\n\n\n\n<p><em>Zum Abschluss: Was d\u00fcrfen die Zuh\u00f6rerinnen und Zuh\u00f6rer beim 3. Philharmonischen Konzert erwarten?<\/em><\/p>\n\n\n\n<p>Ich freue mich sehr darauf, dieses fast vergessene Juwel der Celloliteratur mit den Zuh\u00f6rerinnen und Zuh\u00f6rern zu teilen. Es ist eine lyrische Ode an den Frieden und an die Sch\u00f6nheit. F\u00fcr mich ist es ein ganz besonderer Anlass: Durch seinen Widmungstr\u00e4ger ist das Werk eng mit Gera und Ostth\u00fcringen verbunden und f\u00fchrt mich zur\u00fcck zur Heimat meiner Vorfahren.<\/p>\n\n\n\n<p><strong>Zur Person<\/strong><br>Michael Heupel ist ein international gefragter Solist und Kammermusiker. Er trat in renommierten S\u00e4len wie der Elbphilharmonie und der Laeiszhalle Hamburg, im Konzerthaus Berlin, in der Carnegie Hall New York, der Shanghai Concert Hall, dem Athener Megaron, der Caroline H. Hume Concert Hall San Francisco und dem Cuvilli\u00e9s-Theater M\u00fcnchen auf. Neben seiner Konzertt\u00e4tigkeit engagiert er sich f\u00fcr Musikvermittlung und kulturelle Bildung und h\u00e4lt regelm\u00e4\u00dfig Vortr\u00e4ge \u00fcber klassische und zeitgen\u00f6ssische Musik in Griechenland und Deutschland.<\/p>\n\n\n\n<p>Das 3. Philharmonisches Konzert \u201eBeherrscher der Geister\u201c wird aufgef\u00fchrt am 5. und 6. November im Konzertsaal Gera, und am 7. November 2025 im Theaterzelt Altenburg. Der Beginn ist jeweils um 19.30 Uhr.<\/p>\n\n\n\n<p>Eintrittskarten sind an den Theaterkassen sowie \u00fcber die Webseite des Theaters erh\u00e4ltlich. Diese sind unter der Rufnummer 0365 8279105 bzw. 03447 585160 sowie \u00fcber \u201ehttps:\/\/theater-altenburg-gera.de\/\u201d erreichbar.<\/p>\n\n\n\n<p>QUELLE: THEATER ALTENBURG GERA GGMBH<\/p>\n","protected":false},"excerpt":{"rendered":"<div class=\"mh-excerpt\"><p>Mit seinem ausdrucksstarken Spiel, seiner weltweiten Konzertt\u00e4tigkeit und seiner Leidenschaft f\u00fcr die Vermittlung klassischer Musik begeistert Michael Heupel Publikum und Fachwelt gleicherma\u00dfen. Beim 3. Philharmonischen Konzert des Theaters Altenburg Gera interpretiert er das Konzert f\u00fcr <a class=\"mh-excerpt-more\" href=\"https:\/\/www.studiogera.de\/001\/2025\/10\/15\/star-cellist-michael-heupel-kommt-nach-ostthueringen\/\" title=\"STAR-CELLIST MICHAEL HEUPEL KOMMT NACH OSTTH\u00dcRINGEN\">[&#8230;]<\/a><\/p>\n<\/div>","protected":false},"author":2,"featured_media":39563,"comment_status":"open","ping_status":"open","sticky":false,"template":"","format":"standard","meta":{"footnotes":""},"categories":[15],"tags":[],"class_list":{"0":"post-39562","1":"post","2":"type-post","3":"status-publish","4":"format-standard","5":"has-post-thumbnail","7":"category-theater"},"_links":{"self":[{"href":"https:\/\/www.studiogera.de\/001\/wp-json\/wp\/v2\/posts\/39562","targetHints":{"allow":["GET"]}}],"collection":[{"href":"https:\/\/www.studiogera.de\/001\/wp-json\/wp\/v2\/posts"}],"about":[{"href":"https:\/\/www.studiogera.de\/001\/wp-json\/wp\/v2\/types\/post"}],"author":[{"embeddable":true,"href":"https:\/\/www.studiogera.de\/001\/wp-json\/wp\/v2\/users\/2"}],"replies":[{"embeddable":true,"href":"https:\/\/www.studiogera.de\/001\/wp-json\/wp\/v2\/comments?post=39562"}],"version-history":[{"count":1,"href":"https:\/\/www.studiogera.de\/001\/wp-json\/wp\/v2\/posts\/39562\/revisions"}],"predecessor-version":[{"id":39564,"href":"https:\/\/www.studiogera.de\/001\/wp-json\/wp\/v2\/posts\/39562\/revisions\/39564"}],"wp:featuredmedia":[{"embeddable":true,"href":"https:\/\/www.studiogera.de\/001\/wp-json\/wp\/v2\/media\/39563"}],"wp:attachment":[{"href":"https:\/\/www.studiogera.de\/001\/wp-json\/wp\/v2\/media?parent=39562"}],"wp:term":[{"taxonomy":"category","embeddable":true,"href":"https:\/\/www.studiogera.de\/001\/wp-json\/wp\/v2\/categories?post=39562"},{"taxonomy":"post_tag","embeddable":true,"href":"https:\/\/www.studiogera.de\/001\/wp-json\/wp\/v2\/tags?post=39562"}],"curies":[{"name":"wp","href":"https:\/\/api.w.org\/{rel}","templated":true}]}}