{"id":39565,"date":"2025-10-15T13:42:21","date_gmt":"2025-10-15T11:42:21","guid":{"rendered":"https:\/\/www.studiogera.de\/001\/?p=39565"},"modified":"2025-10-15T13:42:21","modified_gmt":"2025-10-15T11:42:21","slug":"schlagerlegende-frank-schoebel-am-8-november-2025-in-gera","status":"publish","type":"post","link":"https:\/\/www.studiogera.de\/001\/2025\/10\/15\/schlagerlegende-frank-schoebel-am-8-november-2025-in-gera\/","title":{"rendered":"SCHLAGERLEGENDE FRANK SCH\u00d6BEL AM 8. NOVEMBER 2025 IN GERA"},"content":{"rendered":"\n<p>Seit Jahrzehnten begeistert er sein Publikum mit eing\u00e4ngigen Melodien und gef\u00fchlvollen Texten: Frank Sch\u00f6bel, einer der bekanntesten Schlagers\u00e4nger Ostdeutschlands, kommt nach Gera.<\/p>\n\n\n\n<p>Am Samstag, den 8. November 2025, 19.30 Uhr, steht der geb\u00fcrtige Leipziger gemeinsam mit seiner Band im Konzertsaal Gera auf der B\u00fchne \u2013 und bringt sowohl seine unvergesslichen Klassiker als auch neue Titel mit.<\/p>\n\n\n\n<p>Ob \u201eWie ein Stern\u201c, \u201eIch geh vom Nordpol zum S\u00fcdpol zu Fu\u00df\u201c oder \u201eGold in deinen Augen\u201c \u2013 Sch\u00f6bels Songs sind l\u00e4ngst Teil des kollektiven Musikged\u00e4chtnisses. Dabei ist der charismatische S\u00e4nger nicht nur ein Ph\u00e4nomen der Vergangenheit. Auch heute wei\u00df er mit neuen Songs sein Publikum zu ber\u00fchren.<\/p>\n\n\n\n<p>Ein Konzert, das Generationen verbindet \u2013 f\u00fcr Fans der ersten Stunde ebenso wie f\u00fcr alle, die gute deutsche Popmusik zu sch\u00e4tzen wissen.<\/p>\n\n\n\n<p>Eintrittskarten sind an den Theaterkassen sowie \u00fcber die Webseite des Theaters erh\u00e4ltlich. Diese sind unter der Rufnummer 0365 8279105 bzw. 03447 585160 sowie \u00fcber \u201ehttps:\/\/theater-altenburg-gera.de\/\u201d erreichbar.<\/p>\n\n\n\n<p>QUELLE: THEATER ALTENBURG GERA GGMBH<\/p>\n","protected":false},"excerpt":{"rendered":"<div class=\"mh-excerpt\"><p>Seit Jahrzehnten begeistert er sein Publikum mit eing\u00e4ngigen Melodien und gef\u00fchlvollen Texten: Frank Sch\u00f6bel, einer der bekanntesten Schlagers\u00e4nger Ostdeutschlands, kommt nach Gera. Am Samstag, den 8. November 2025, 19.30 Uhr, steht der geb\u00fcrtige Leipziger gemeinsam <a class=\"mh-excerpt-more\" href=\"https:\/\/www.studiogera.de\/001\/2025\/10\/15\/schlagerlegende-frank-schoebel-am-8-november-2025-in-gera\/\" title=\"SCHLAGERLEGENDE FRANK SCH\u00d6BEL AM 8. NOVEMBER 2025 IN GERA\">[&#8230;]<\/a><\/p>\n<\/div>","protected":false},"author":2,"featured_media":39566,"comment_status":"open","ping_status":"open","sticky":false,"template":"","format":"standard","meta":{"footnotes":""},"categories":[15],"tags":[],"class_list":{"0":"post-39565","1":"post","2":"type-post","3":"status-publish","4":"format-standard","5":"has-post-thumbnail","7":"category-theater"},"_links":{"self":[{"href":"https:\/\/www.studiogera.de\/001\/wp-json\/wp\/v2\/posts\/39565","targetHints":{"allow":["GET"]}}],"collection":[{"href":"https:\/\/www.studiogera.de\/001\/wp-json\/wp\/v2\/posts"}],"about":[{"href":"https:\/\/www.studiogera.de\/001\/wp-json\/wp\/v2\/types\/post"}],"author":[{"embeddable":true,"href":"https:\/\/www.studiogera.de\/001\/wp-json\/wp\/v2\/users\/2"}],"replies":[{"embeddable":true,"href":"https:\/\/www.studiogera.de\/001\/wp-json\/wp\/v2\/comments?post=39565"}],"version-history":[{"count":1,"href":"https:\/\/www.studiogera.de\/001\/wp-json\/wp\/v2\/posts\/39565\/revisions"}],"predecessor-version":[{"id":39567,"href":"https:\/\/www.studiogera.de\/001\/wp-json\/wp\/v2\/posts\/39565\/revisions\/39567"}],"wp:featuredmedia":[{"embeddable":true,"href":"https:\/\/www.studiogera.de\/001\/wp-json\/wp\/v2\/media\/39566"}],"wp:attachment":[{"href":"https:\/\/www.studiogera.de\/001\/wp-json\/wp\/v2\/media?parent=39565"}],"wp:term":[{"taxonomy":"category","embeddable":true,"href":"https:\/\/www.studiogera.de\/001\/wp-json\/wp\/v2\/categories?post=39565"},{"taxonomy":"post_tag","embeddable":true,"href":"https:\/\/www.studiogera.de\/001\/wp-json\/wp\/v2\/tags?post=39565"}],"curies":[{"name":"wp","href":"https:\/\/api.w.org\/{rel}","templated":true}]}}