{"id":39569,"date":"2025-10-15T14:34:59","date_gmt":"2025-10-15T12:34:59","guid":{"rendered":"https:\/\/www.studiogera.de\/001\/?p=39569"},"modified":"2025-10-15T14:35:01","modified_gmt":"2025-10-15T12:35:01","slug":"steuerliche-vorteile-fuer-arbeitende-rentner-geplant","status":"publish","type":"post","link":"https:\/\/www.studiogera.de\/001\/2025\/10\/15\/steuerliche-vorteile-fuer-arbeitende-rentner-geplant\/","title":{"rendered":"STEUERLICHE VORTEILE F\u00dcR ARBEITENDE RENTNER GEPLANT"},"content":{"rendered":"\n<p>Rentner sollen k\u00fcnftig 2000 Euro ohne steuerliche Abz\u00fcge hinzuverdienen k\u00f6nnen. Das Bundeskabinett beschloss die sogenannte Aktivrente am 15. Oktober 2025. Noch im Herbst dieses Jahres soll der Gesetzesentwurf verabschiedet werden, sodass die Regelung Anfang 2026 in Kraft treten kann.<\/p>\n\n\n\n<p>Eine Erste Beratung des von der Bundesregierung eingebrachten Entwurfs f\u00fcr ein Gesetz zur Stabilisierung des Rentenniveaus, der auch die Aktivrente umfasst, findet am 16. Oktober 2025 ab 12.20 Uhr im Parlament statt.<\/p>\n\n\n\n<p>Nach Einsch\u00e4tzung des Bundesfinanzministeriums werden voraussichtlich 168&#8217;000 Menschen die neue Aktivrente in Anspruch nehmen. Das entspricht etwa einem Viertel der berechtigten Personen. Das Institut der Deutschen Wirtschaft und das Deutsche Institut f\u00fcr Wirtschaftsforschung gehen von 230&#8217;000 Nutzern aus. Experten hingegen rechnen mit h\u00f6chstens 100&#8217;000 Aktivrentnern.<\/p>\n\n\n\n<p>Voraussetzung f\u00fcr die Aktivrente ist eine abh\u00e4ngige und sozialversicherungsplichtige Besch\u00e4ftigung. Geringf\u00fcgig besch\u00e4ftigte Personen, Gewerbetreibende, Freiberufler, Selbst\u00e4ndige sowie die Besch\u00e4ftigte in der Land- und Forstwirtschaft k\u00f6nnen diese M\u00f6glichkeit nicht in Anspruch nehmen.<\/p>\n\n\n\n<p>Die Bundesregierung erwartet zwar einen R\u00fcckgang der Steuereinnahmen um 890 Millionen Euro, hofft aber auf positive Effekte f\u00fcr die Wirtschaft, die eine ausgleichende Wirkung haben.<\/p>\n","protected":false},"excerpt":{"rendered":"<div class=\"mh-excerpt\"><p>Rentner sollen k\u00fcnftig 2000 Euro ohne steuerliche Abz\u00fcge hinzuverdienen k\u00f6nnen. Das Bundeskabinett beschloss die sogenannte Aktivrente am 15. Oktober 2025. Noch im Herbst dieses Jahres soll der Gesetzesentwurf verabschiedet werden, sodass die Regelung Anfang 2026 <a class=\"mh-excerpt-more\" href=\"https:\/\/www.studiogera.de\/001\/2025\/10\/15\/steuerliche-vorteile-fuer-arbeitende-rentner-geplant\/\" title=\"STEUERLICHE VORTEILE F\u00dcR ARBEITENDE RENTNER GEPLANT\">[&#8230;]<\/a><\/p>\n<\/div>","protected":false},"author":2,"featured_media":9859,"comment_status":"open","ping_status":"open","sticky":false,"template":"","format":"standard","meta":{"footnotes":""},"categories":[2],"tags":[],"class_list":{"0":"post-39569","1":"post","2":"type-post","3":"status-publish","4":"format-standard","5":"has-post-thumbnail","7":"category-weltweit"},"_links":{"self":[{"href":"https:\/\/www.studiogera.de\/001\/wp-json\/wp\/v2\/posts\/39569","targetHints":{"allow":["GET"]}}],"collection":[{"href":"https:\/\/www.studiogera.de\/001\/wp-json\/wp\/v2\/posts"}],"about":[{"href":"https:\/\/www.studiogera.de\/001\/wp-json\/wp\/v2\/types\/post"}],"author":[{"embeddable":true,"href":"https:\/\/www.studiogera.de\/001\/wp-json\/wp\/v2\/users\/2"}],"replies":[{"embeddable":true,"href":"https:\/\/www.studiogera.de\/001\/wp-json\/wp\/v2\/comments?post=39569"}],"version-history":[{"count":1,"href":"https:\/\/www.studiogera.de\/001\/wp-json\/wp\/v2\/posts\/39569\/revisions"}],"predecessor-version":[{"id":39570,"href":"https:\/\/www.studiogera.de\/001\/wp-json\/wp\/v2\/posts\/39569\/revisions\/39570"}],"wp:featuredmedia":[{"embeddable":true,"href":"https:\/\/www.studiogera.de\/001\/wp-json\/wp\/v2\/media\/9859"}],"wp:attachment":[{"href":"https:\/\/www.studiogera.de\/001\/wp-json\/wp\/v2\/media?parent=39569"}],"wp:term":[{"taxonomy":"category","embeddable":true,"href":"https:\/\/www.studiogera.de\/001\/wp-json\/wp\/v2\/categories?post=39569"},{"taxonomy":"post_tag","embeddable":true,"href":"https:\/\/www.studiogera.de\/001\/wp-json\/wp\/v2\/tags?post=39569"}],"curies":[{"name":"wp","href":"https:\/\/api.w.org\/{rel}","templated":true}]}}