{"id":39576,"date":"2025-10-16T01:00:08","date_gmt":"2025-10-15T23:00:08","guid":{"rendered":"https:\/\/www.studiogera.de\/001\/?p=39576"},"modified":"2025-10-16T01:00:10","modified_gmt":"2025-10-15T23:00:10","slug":"unzufrieden-mit-dem-oeffentlich-rechtlichen-rundfunk","status":"publish","type":"post","link":"https:\/\/www.studiogera.de\/001\/2025\/10\/16\/unzufrieden-mit-dem-oeffentlich-rechtlichen-rundfunk\/","title":{"rendered":"UNZUFRIEDEN MIT DEM \u00d6FFENTLICH-RECHTLICHEN RUNDFUNK"},"content":{"rendered":"\n<p>Die \u00f6ffentlich-rechtlichen Rundfunkanstalten m\u00fcssen durch ihre Angebote zur Bildung einer freien, \u00f6ffentlichen Meinung beitragen, und damit die demokratischen, sozialen und kulturellen Bed\u00fcrfnisse der Gesellschaft erf\u00fcllen. Der gesetzliche Auftrag umfasst die Bereiche Bildung, Information, Beratung, Unterhaltung und Kultur, wobei Prinzipien wie Objektivit\u00e4t, Unparteilichkeit, Meinungsvielfalt und Ausgewogenheit beachtet werden m\u00fcssen.<\/p>\n\n\n\n<p>Doch wie umfangreich darf das Angebot zur Erf\u00fcllung dieses Auftrages sein? Mittlerweile sind monatlich 18,36 Euro zu zahlen. Die Geb\u00fchr empfinden viele Menschen als zu hoch. Einige stellen sogar das Finanzierungsprinzip infrage und wollen gar keinen Beitrag zahlen. Weitere beklagen ein unausgewogenes Programm mit vielen Doppelangeboten in bestimmten Genres, und einen Mangel in anderen. Zudem wird die Berichterstattung kritisiert. Es werde augenscheinlich neutralen Beitr\u00e4gen versucht, bestimmte konkrete Meinungen hervorzurufen.<\/p>\n\n\n\n<p>Eine Frau aus Bayern verweigerte den Rundfunkbeitrag mit der Begr\u00fcndung, die \u00f6ffentlich-rechtlichen Anstalten w\u00fcrden ihren Programmauftrag nicht erf\u00fcllen, weil sie zu einseitig und nicht ausgewogen genug berichteten. Sie klagte vor Gericht und erreichte bisher, dass die Verwaltungsgerichte k\u00fcnftig pr\u00fcfen m\u00fcssen, ob der \u00f6ffentlich-rechtliche Rundfunk seinen Auftrag erf\u00fcllt, wenn hinreichende Anhaltspunkte f\u00fcr eine grobe und regelm\u00e4\u00dfige Verfehlung der Programmvielfalt und Ausgewogenheit \u00fcber einen l\u00e4ngeren Zeitraum vorliegen.<\/p>\n\n\n\n<p>Auch j\u00fcngere Menschen hadern mit dem \u00f6ffentlich-rechtlichen Rundfunk. Denn er ist in der modernen Medienwelt nur noch ein Angebot unter vielen, spielt f\u00fcr die Information, Meinungsbildung und Unterhaltung kaum eine Rolle, belastet aber das Konto sehr stark in Relation zum verh\u00e4ltnism\u00e4\u00dfig geringen Verdienst als Berufsanf\u00e4nger.<\/p>\n\n\n\n<p>Die W\u00fcnsche und Forderungen gehen weit auseinander. Manche verlangen eine Reduzierung des Angebotes auf eine Grundversorgung, andere erwarten f\u00fcr das gezahlte Geld bessere und zeitgem\u00e4\u00dfe Programme, und einige sprechen sich f\u00fcr die Abschaffung des \u00f6ffentlich-rechtlichen Rundfunks aus.<\/p>\n","protected":false},"excerpt":{"rendered":"<div class=\"mh-excerpt\"><p>Die \u00f6ffentlich-rechtlichen Rundfunkanstalten m\u00fcssen durch ihre Angebote zur Bildung einer freien, \u00f6ffentlichen Meinung beitragen, und damit die demokratischen, sozialen und kulturellen Bed\u00fcrfnisse der Gesellschaft erf\u00fcllen. Der gesetzliche Auftrag umfasst die Bereiche Bildung, Information, Beratung, Unterhaltung <a class=\"mh-excerpt-more\" href=\"https:\/\/www.studiogera.de\/001\/2025\/10\/16\/unzufrieden-mit-dem-oeffentlich-rechtlichen-rundfunk\/\" title=\"UNZUFRIEDEN MIT DEM \u00d6FFENTLICH-RECHTLICHEN RUNDFUNK\">[&#8230;]<\/a><\/p>\n<\/div>","protected":false},"author":2,"featured_media":39578,"comment_status":"open","ping_status":"open","sticky":false,"template":"","format":"standard","meta":{"footnotes":""},"categories":[17],"tags":[],"class_list":{"0":"post-39576","1":"post","2":"type-post","3":"status-publish","4":"format-standard","5":"has-post-thumbnail","7":"category-medien"},"_links":{"self":[{"href":"https:\/\/www.studiogera.de\/001\/wp-json\/wp\/v2\/posts\/39576","targetHints":{"allow":["GET"]}}],"collection":[{"href":"https:\/\/www.studiogera.de\/001\/wp-json\/wp\/v2\/posts"}],"about":[{"href":"https:\/\/www.studiogera.de\/001\/wp-json\/wp\/v2\/types\/post"}],"author":[{"embeddable":true,"href":"https:\/\/www.studiogera.de\/001\/wp-json\/wp\/v2\/users\/2"}],"replies":[{"embeddable":true,"href":"https:\/\/www.studiogera.de\/001\/wp-json\/wp\/v2\/comments?post=39576"}],"version-history":[{"count":2,"href":"https:\/\/www.studiogera.de\/001\/wp-json\/wp\/v2\/posts\/39576\/revisions"}],"predecessor-version":[{"id":39579,"href":"https:\/\/www.studiogera.de\/001\/wp-json\/wp\/v2\/posts\/39576\/revisions\/39579"}],"wp:featuredmedia":[{"embeddable":true,"href":"https:\/\/www.studiogera.de\/001\/wp-json\/wp\/v2\/media\/39578"}],"wp:attachment":[{"href":"https:\/\/www.studiogera.de\/001\/wp-json\/wp\/v2\/media?parent=39576"}],"wp:term":[{"taxonomy":"category","embeddable":true,"href":"https:\/\/www.studiogera.de\/001\/wp-json\/wp\/v2\/categories?post=39576"},{"taxonomy":"post_tag","embeddable":true,"href":"https:\/\/www.studiogera.de\/001\/wp-json\/wp\/v2\/tags?post=39576"}],"curies":[{"name":"wp","href":"https:\/\/api.w.org\/{rel}","templated":true}]}}