{"id":39584,"date":"2025-10-16T10:00:14","date_gmt":"2025-10-16T08:00:14","guid":{"rendered":"https:\/\/www.studiogera.de\/001\/?p=39584"},"modified":"2025-10-16T10:00:14","modified_gmt":"2025-10-16T08:00:14","slug":"brennende-wertstofftonne-in-lusan","status":"publish","type":"post","link":"https:\/\/www.studiogera.de\/001\/2025\/10\/16\/brennende-wertstofftonne-in-lusan\/","title":{"rendered":"BRENNENDE WERTSTOFFTONNE IN LUSAN"},"content":{"rendered":"\n<p>Die zentrale Rettungsleitstelle informierte am 15. Oktober 2025 um 21.41 Uhr die Polizei \u00fcber eine brennende M\u00fclltonne in der Kastanienstra\u00dfe. Die Feuerwehr konnte den Brand schnell l\u00f6schen; der 1000-Liter-Container f\u00fcr Wertstoffe war jedoch zerst\u00f6rt. Hinweise auf die Brandursache bzw. einen Verursacher gibt es aktuell nicht. Die Polizei ermittelt zu einer m\u00f6glichen Sachbesch\u00e4digung durch Brandlegung und bittet Zeugen, die Hinweise zum Brandgeschehen geben k\u00f6nnen, sich zum Bezugszeichen 0269053\/2025 telefonisch unter der Rufnummer +493658290 zu melden.<\/p>\n","protected":false},"excerpt":{"rendered":"<div class=\"mh-excerpt\"><p>Die zentrale Rettungsleitstelle informierte am 15. Oktober 2025 um 21.41 Uhr die Polizei \u00fcber eine brennende M\u00fclltonne in der Kastanienstra\u00dfe. Die Feuerwehr konnte den Brand schnell l\u00f6schen; der 1000-Liter-Container f\u00fcr Wertstoffe war jedoch zerst\u00f6rt. Hinweise <a class=\"mh-excerpt-more\" href=\"https:\/\/www.studiogera.de\/001\/2025\/10\/16\/brennende-wertstofftonne-in-lusan\/\" title=\"BRENNENDE WERTSTOFFTONNE IN LUSAN\">[&#8230;]<\/a><\/p>\n<\/div>","protected":false},"author":2,"featured_media":9362,"comment_status":"open","ping_status":"open","sticky":false,"template":"","format":"standard","meta":{"footnotes":""},"categories":[13],"tags":[],"class_list":{"0":"post-39584","1":"post","2":"type-post","3":"status-publish","4":"format-standard","5":"has-post-thumbnail","7":"category-polizeiberichte"},"_links":{"self":[{"href":"https:\/\/www.studiogera.de\/001\/wp-json\/wp\/v2\/posts\/39584","targetHints":{"allow":["GET"]}}],"collection":[{"href":"https:\/\/www.studiogera.de\/001\/wp-json\/wp\/v2\/posts"}],"about":[{"href":"https:\/\/www.studiogera.de\/001\/wp-json\/wp\/v2\/types\/post"}],"author":[{"embeddable":true,"href":"https:\/\/www.studiogera.de\/001\/wp-json\/wp\/v2\/users\/2"}],"replies":[{"embeddable":true,"href":"https:\/\/www.studiogera.de\/001\/wp-json\/wp\/v2\/comments?post=39584"}],"version-history":[{"count":1,"href":"https:\/\/www.studiogera.de\/001\/wp-json\/wp\/v2\/posts\/39584\/revisions"}],"predecessor-version":[{"id":39585,"href":"https:\/\/www.studiogera.de\/001\/wp-json\/wp\/v2\/posts\/39584\/revisions\/39585"}],"wp:featuredmedia":[{"embeddable":true,"href":"https:\/\/www.studiogera.de\/001\/wp-json\/wp\/v2\/media\/9362"}],"wp:attachment":[{"href":"https:\/\/www.studiogera.de\/001\/wp-json\/wp\/v2\/media?parent=39584"}],"wp:term":[{"taxonomy":"category","embeddable":true,"href":"https:\/\/www.studiogera.de\/001\/wp-json\/wp\/v2\/categories?post=39584"},{"taxonomy":"post_tag","embeddable":true,"href":"https:\/\/www.studiogera.de\/001\/wp-json\/wp\/v2\/tags?post=39584"}],"curies":[{"name":"wp","href":"https:\/\/api.w.org\/{rel}","templated":true}]}}