{"id":39598,"date":"2025-10-17T14:48:50","date_gmt":"2025-10-17T12:48:50","guid":{"rendered":"https:\/\/www.studiogera.de\/001\/?p=39598"},"modified":"2025-10-17T14:48:51","modified_gmt":"2025-10-17T12:48:51","slug":"sachbeschaedigung-durch-brandlegung","status":"publish","type":"post","link":"https:\/\/www.studiogera.de\/001\/2025\/10\/17\/sachbeschaedigung-durch-brandlegung\/","title":{"rendered":"SACHBESCH\u00c4DIGUNG DURCH BRANDLEGUNG"},"content":{"rendered":"\n<p>Am 16. Oktober 2025 wurden im Zeitraum von 22 Uhr bis 22.45 Uhr sowohl in der Breitscheidstra\u00dfe als auch in der Tivolistra\u00dfe Br\u00e4nde durch einen bislang unbekannten T\u00e4ter gelegt.<\/p>\n\n\n\n<p>Gegen 22 Uhr wurde durch unbekannte T\u00e4ter in der Tivolistra\u00dfe ein Altkleidercontainer in Brand gesteckt, indem nach bisherigen Erkenntnissen pyrotechnische Gegenst\u00e4nde in den Container geworfen wurden. Daraufhin fing der Inhalt Feuer. Ein Sachschaden kann derzeit noch nicht beziffert werden.<\/p>\n\n\n\n<p>Gegen 22.45 Uhr wurde zudem in der Breitscheidstra\u00dfe auf bislang unbekannte Weise eine M\u00fclltonne in Brand gesetzt. Aufgrund des Feuers wurden weitere M\u00fclltonnen besch\u00e4digt, sodass der entstandene Sachschaden auf einen mittleren dreistelligen Betrag gesch\u00e4tzt wird. In beiden F\u00e4llen fl\u00fcchteten die T\u00e4ter unerkannt. Gl\u00fccklicherweise wurde durch den Brand niemand verletzt.<\/p>\n\n\n\n<p>Ob ein Tatzusammenhang zwischen den Br\u00e4nden besteht, ist derzeit Gegenstand der Ermittlungen. Die Polizei bittet Zeugen, welche sachdienliche Angaben zum Tathergang oder zu m\u00f6glichen Tatverd\u00e4chtigen machen k\u00f6nnen, sich unter der Telefonnummer 0365 8290 zu melden. Es wird um Angabe der Bezugsnummern 0270193\/2025 bzw. 0270177\/2025 gebeten.<\/p>\n","protected":false},"excerpt":{"rendered":"<div class=\"mh-excerpt\"><p>Am 16. Oktober 2025 wurden im Zeitraum von 22 Uhr bis 22.45 Uhr sowohl in der Breitscheidstra\u00dfe als auch in der Tivolistra\u00dfe Br\u00e4nde durch einen bislang unbekannten T\u00e4ter gelegt. Gegen 22 Uhr wurde durch unbekannte <a class=\"mh-excerpt-more\" href=\"https:\/\/www.studiogera.de\/001\/2025\/10\/17\/sachbeschaedigung-durch-brandlegung\/\" title=\"SACHBESCH\u00c4DIGUNG DURCH BRANDLEGUNG\">[&#8230;]<\/a><\/p>\n<\/div>","protected":false},"author":3,"featured_media":9362,"comment_status":"open","ping_status":"open","sticky":false,"template":"","format":"standard","meta":{"footnotes":""},"categories":[13],"tags":[],"class_list":{"0":"post-39598","1":"post","2":"type-post","3":"status-publish","4":"format-standard","5":"has-post-thumbnail","7":"category-polizeiberichte"},"_links":{"self":[{"href":"https:\/\/www.studiogera.de\/001\/wp-json\/wp\/v2\/posts\/39598","targetHints":{"allow":["GET"]}}],"collection":[{"href":"https:\/\/www.studiogera.de\/001\/wp-json\/wp\/v2\/posts"}],"about":[{"href":"https:\/\/www.studiogera.de\/001\/wp-json\/wp\/v2\/types\/post"}],"author":[{"embeddable":true,"href":"https:\/\/www.studiogera.de\/001\/wp-json\/wp\/v2\/users\/3"}],"replies":[{"embeddable":true,"href":"https:\/\/www.studiogera.de\/001\/wp-json\/wp\/v2\/comments?post=39598"}],"version-history":[{"count":1,"href":"https:\/\/www.studiogera.de\/001\/wp-json\/wp\/v2\/posts\/39598\/revisions"}],"predecessor-version":[{"id":39599,"href":"https:\/\/www.studiogera.de\/001\/wp-json\/wp\/v2\/posts\/39598\/revisions\/39599"}],"wp:featuredmedia":[{"embeddable":true,"href":"https:\/\/www.studiogera.de\/001\/wp-json\/wp\/v2\/media\/9362"}],"wp:attachment":[{"href":"https:\/\/www.studiogera.de\/001\/wp-json\/wp\/v2\/media?parent=39598"}],"wp:term":[{"taxonomy":"category","embeddable":true,"href":"https:\/\/www.studiogera.de\/001\/wp-json\/wp\/v2\/categories?post=39598"},{"taxonomy":"post_tag","embeddable":true,"href":"https:\/\/www.studiogera.de\/001\/wp-json\/wp\/v2\/tags?post=39598"}],"curies":[{"name":"wp","href":"https:\/\/api.w.org\/{rel}","templated":true}]}}