{"id":39600,"date":"2025-10-17T14:53:24","date_gmt":"2025-10-17T12:53:24","guid":{"rendered":"https:\/\/www.studiogera.de\/001\/?p=39600"},"modified":"2025-10-17T14:53:26","modified_gmt":"2025-10-17T12:53:26","slug":"cannabisierter-pkw-fahrer-ohne-fahrerlaubnis","status":"publish","type":"post","link":"https:\/\/www.studiogera.de\/001\/2025\/10\/17\/cannabisierter-pkw-fahrer-ohne-fahrerlaubnis\/","title":{"rendered":"CANNABISIERTER PKW-FAHRER OHNE FAHRERLAUBNIS"},"content":{"rendered":"\n<p>Am 16. Oktober 2025 kontrollierten Polizeibeamte gegen 8.45 Uhr einen 51-j\u00e4hrigen PKW-Fahrer in der Seydelstra\u00dfe. Ein freiwilliger Drogenvortest zeigte ein positives Ergebnis auf den Konsum von Cannabis. Im Rahmen der Verkehrskontrolle wurde au\u00dferdem bekannt, dass der Fahrer zudem keine g\u00fcltige Fahrerlaubnis besa\u00df. Der 51-J\u00e4hrige wurde zu einer gerichtsverwertbaren Blutentnahme in ein nahegelgenes Krankenhaus verbracht und die Weiterfahrt wurde ihm untersagt. Die Polizei hat ein entsprechendes Ermittlungsverfahren eingeleitet.<\/p>\n","protected":false},"excerpt":{"rendered":"<div class=\"mh-excerpt\"><p>Am 16. Oktober 2025 kontrollierten Polizeibeamte gegen 8.45 Uhr einen 51-j\u00e4hrigen PKW-Fahrer in der Seydelstra\u00dfe. Ein freiwilliger Drogenvortest zeigte ein positives Ergebnis auf den Konsum von Cannabis. Im Rahmen der Verkehrskontrolle wurde au\u00dferdem bekannt, dass <a class=\"mh-excerpt-more\" href=\"https:\/\/www.studiogera.de\/001\/2025\/10\/17\/cannabisierter-pkw-fahrer-ohne-fahrerlaubnis\/\" title=\"CANNABISIERTER PKW-FAHRER OHNE FAHRERLAUBNIS\">[&#8230;]<\/a><\/p>\n<\/div>","protected":false},"author":3,"featured_media":9357,"comment_status":"open","ping_status":"open","sticky":false,"template":"","format":"standard","meta":{"footnotes":""},"categories":[13],"tags":[],"class_list":{"0":"post-39600","1":"post","2":"type-post","3":"status-publish","4":"format-standard","5":"has-post-thumbnail","7":"category-polizeiberichte"},"_links":{"self":[{"href":"https:\/\/www.studiogera.de\/001\/wp-json\/wp\/v2\/posts\/39600","targetHints":{"allow":["GET"]}}],"collection":[{"href":"https:\/\/www.studiogera.de\/001\/wp-json\/wp\/v2\/posts"}],"about":[{"href":"https:\/\/www.studiogera.de\/001\/wp-json\/wp\/v2\/types\/post"}],"author":[{"embeddable":true,"href":"https:\/\/www.studiogera.de\/001\/wp-json\/wp\/v2\/users\/3"}],"replies":[{"embeddable":true,"href":"https:\/\/www.studiogera.de\/001\/wp-json\/wp\/v2\/comments?post=39600"}],"version-history":[{"count":1,"href":"https:\/\/www.studiogera.de\/001\/wp-json\/wp\/v2\/posts\/39600\/revisions"}],"predecessor-version":[{"id":39601,"href":"https:\/\/www.studiogera.de\/001\/wp-json\/wp\/v2\/posts\/39600\/revisions\/39601"}],"wp:featuredmedia":[{"embeddable":true,"href":"https:\/\/www.studiogera.de\/001\/wp-json\/wp\/v2\/media\/9357"}],"wp:attachment":[{"href":"https:\/\/www.studiogera.de\/001\/wp-json\/wp\/v2\/media?parent=39600"}],"wp:term":[{"taxonomy":"category","embeddable":true,"href":"https:\/\/www.studiogera.de\/001\/wp-json\/wp\/v2\/categories?post=39600"},{"taxonomy":"post_tag","embeddable":true,"href":"https:\/\/www.studiogera.de\/001\/wp-json\/wp\/v2\/tags?post=39600"}],"curies":[{"name":"wp","href":"https:\/\/api.w.org\/{rel}","templated":true}]}}