{"id":39602,"date":"2025-10-17T20:46:29","date_gmt":"2025-10-17T18:46:29","guid":{"rendered":"https:\/\/www.studiogera.de\/001\/?p=39602"},"modified":"2025-10-20T00:19:56","modified_gmt":"2025-10-19T22:19:56","slug":"das-theater-vom-17-bis-19-oktober-2025","status":"publish","type":"post","link":"https:\/\/www.studiogera.de\/001\/2025\/10\/17\/das-theater-vom-17-bis-19-oktober-2025\/","title":{"rendered":"DAS THEATER VOM 17. BIS 19. OKTOBER 2025"},"content":{"rendered":"\n<p>In Gera pr\u00e4sentiert das Theater mit dem St\u00fcck \u201eIch hasse Menschen\u201c einen satirischen Blick in die nahe Zukunft. Im Puppentheater wird das St\u00fcck \u201eZilli, Billi und Willi\u201c aufgef\u00fchrt. Das Metropolitan Jazz Orchestra Gera gibt am Samstag ein Jubil\u00e4umskonzert. Die Matinee zur Opernpremiere \u201eLucia di Lammermoor\u201c erm\u00f6glicht Einblicke in die Konzeption und den Entstehungsprozess der Inszenierung.<\/p>\n\n\n\n<p><strong>Satirischer Blick in die nahe Zukunft<\/strong><br>In der bitterb\u00f6sen Satire \u201eIch hasse Menschen\u201c am Freitag, den 17. Oktober 2025, um 19.30 Uhr in der B\u00fchne am Park Gera, prallen k\u00fcnstliche Intelligenz und menschliches Alltagschaos aufeinander \u2013 mitten in einer WG der nahen Zukunft. Das Schauspiel von Lena Rucker und Nils Corte nimmt mit pointiertem Witz und scharfem Blick den gesellschaftlichen Umgang mit KI ins Visier. Zwischen philosophischer Tiefensch\u00e4rfe und absurdem Humor stellt das St\u00fcck die gro\u00dfen Fragen unserer Zeit: Ist K\u00fcnstliche Intelligenz Bedrohung oder Befreiung? Und wenn Maschinen l\u00e4ngst \u00fcberzeugender f\u00fchlen, denken und handeln als wir \u2013 was bleibt dann noch wirklich menschlich?<\/p>\n\n\n\n<p><strong>Puppentheater f\u00fcr die Kleinsten<\/strong><br>Mit \u201eZilli, Billi und Willi\u201c steht am Samstag, den 18. Oktober, um 15 Uhr und am Sonntag, den 19. Oktober, um 11 Uhr im Puppentheater Gera ein Klassiker der Kinderliteratur auf dem Spielplan. Nach dem beliebten Bilderbuch von Elizabeth Shaw erz\u00e4hlen Steffi K\u00f6nig und Tobias Weishaupt mit viel Witz und Herz die Geschichte der drei eigensinnigen Schweine, die lernen, dass Zusammenhalt und Freundschaft st\u00e4rker sind als jeder noch so schlaue Wolf. Die Spieldauer betr\u00e4gt rund 50 Minuten. Geeignet f\u00fcr Kinder ab vier Jahren.<\/p>\n\n\n\n<p><strong>15 Jahre Metropolitan Jazz Orchestra Gera<\/strong><br>Seit seiner Gr\u00fcndung im Jahr 2010 bereichert das Metropolitan Jazz Orchestra Gera mit seiner Energie und Vielseitigkeit die Region mit unverwechselbarem Bigband-Sound. Am Samstag, den 18. Oktober, um 19.30 Uhr feiert das Ensemble sein 15-j\u00e4hriges Bestehen mit einem besonderen Jubil\u00e4umskonzert im Konzertsaal Gera.<br>Das Programm spannt einen Bogen \u00fcber die musikalische Vielfalt der vergangenen Jahre und bietet einen Querschnitt durch Klassiker, Lieblingsst\u00fccke und unvergessene Momente. Die Band pr\u00e4sentiert sich in klassischer Bigband-Besetzung. Den besonderen Glanz des Abends verleiht die Stimme von Jule Ro\u00dfberg. Als H\u00f6hepunkt wird au\u00dferdem der Tanzkreis Brillant Gera unter Leitung von Ingo Ronneberger das Konzert mit t\u00e4nzerischen Darbietungen bereichern.<\/p>\n\n\n\n<p><strong>Theaterteam gibt Einblicke \u2013 Matinee zur Opernpremiere \u201eLucia di Lammermoor\u201c<\/strong><br>Mit Gaetano Donizettis Belcanto-Meisterwerk \u201eLucia di Lammermoor\u201c bringt Regisseurin Elena Maria Artisi ab dem 24. Oktober im Gro\u00dfen Haus Gera eine der ber\u00fchmtesten Opern \u00fcberhaupt auf die B\u00fchne. Die tragische Geschichte einer jungen Frau, die um ihre Liebe betrogen und in dem Machtkampf zweier Familien in eine Zwangsheirat getrieben wird, geh\u00f6rt zum festen Repertoire der gro\u00dfen Opernh\u00e4user von Mailand bis New York.<br>Kurz vor der Premiere l\u00e4dt das Produktionsteam zu einer Matinee am Sonntag, den 19. Oktober, um 11 Uhr ins Gro\u00dfe Haus Gera ein und gibt Einblicke in die Konzeption und den Entstehungsprozess dieser Inszenierung. Auch beteiligte S\u00e4nger:innen werden mit musikalischen Ausschnitten einen Vorgeschmack auf die Premiere geben. Moderiert wird die Matinee von Musiktheaterdramaturg Dr. Peter Larsen. Der Eintritt ist frei. Interessierte sind herzlich eingeladen.<\/p>\n\n\n\n<p><strong>Theater zeigt Sci-Fi-Kom\u00f6die<\/strong><br>Ein verschlafener Ort, ein verschwundener Ehemann und eine Alieninvasion: Mit \u201eDer Teufelsplan von Planet Pluto\u201c bringt das Schauspielensemble des Theaters Altenburg Gera eine turbulente Science-Fiction-Kom\u00f6die auf die B\u00fchne. Premiere ist am Sonntag, den 19. Oktober, um 18 Uhr im Heizhaus Altenburg.<br>Wir schreiben das Jahr 1957. In Lizard Lick verschwindet ein Mann spurlos \u2013 ein gefundenes Fressen f\u00fcr die Presse. Die beiden ehrgeizige Reporterinnen Matilda Van Buren und Lucinda Marsh sowie Fotograf Gregory Graham reisen in das beschauliche Nest und sto\u00dfen auf merkw\u00fcrdige Ver\u00e4nderungen. Der zur\u00fcckgekehrte Ehemann ist pl\u00f6tzlich ein muskelbepackter H\u00fchne und die \u00e4ltere Florence Wexler \u00fcberrascht durch knappe Outfits. Steckt dahinter blo\u00dfer Zufall oder ein teuflischer Plan?<br>Buddy Thomas\u2019 St\u00fcck ist eine liebevolle Hommage an die schrillen B-Movies der 1950er-Jahre. Mit kitschiger Nostalgie, bissiger Parodie und einem Schuss Wahnsinn garantiert die Inszenierung einen Abend voller schr\u00e4ger Wortgefechte, spacigem Humor und haarstr\u00e4ubender Wendungen.<\/p>\n\n\n\n<p>Eintrittskarten sind an den Theaterkassen sowie \u00fcber die Webseite des Theaters erh\u00e4ltlich. Diese sind unter der Rufnummer 0365 8279105 bzw. 03447 585160 sowie \u00fcber \u201ehttps:\/\/theater-altenburg-gera.de\/\u201d erreichbar.<\/p>\n\n\n\n<p>QUELLE: THEATER ALTENBURG GERA GGMBH<\/p>\n","protected":false},"excerpt":{"rendered":"<div class=\"mh-excerpt\"><p>In Gera pr\u00e4sentiert das Theater mit dem St\u00fcck \u201eIch hasse Menschen\u201c einen satirischen Blick in die nahe Zukunft. Im Puppentheater wird das St\u00fcck \u201eZilli, Billi und Willi\u201c aufgef\u00fchrt. Das Metropolitan Jazz Orchestra Gera gibt am <a class=\"mh-excerpt-more\" href=\"https:\/\/www.studiogera.de\/001\/2025\/10\/17\/das-theater-vom-17-bis-19-oktober-2025\/\" title=\"DAS THEATER VOM 17. BIS 19. OKTOBER 2025\">[&#8230;]<\/a><\/p>\n<\/div>","protected":false},"author":2,"featured_media":39017,"comment_status":"open","ping_status":"open","sticky":false,"template":"","format":"standard","meta":{"footnotes":""},"categories":[15],"tags":[],"class_list":{"0":"post-39602","1":"post","2":"type-post","3":"status-publish","4":"format-standard","5":"has-post-thumbnail","7":"category-theater"},"_links":{"self":[{"href":"https:\/\/www.studiogera.de\/001\/wp-json\/wp\/v2\/posts\/39602","targetHints":{"allow":["GET"]}}],"collection":[{"href":"https:\/\/www.studiogera.de\/001\/wp-json\/wp\/v2\/posts"}],"about":[{"href":"https:\/\/www.studiogera.de\/001\/wp-json\/wp\/v2\/types\/post"}],"author":[{"embeddable":true,"href":"https:\/\/www.studiogera.de\/001\/wp-json\/wp\/v2\/users\/2"}],"replies":[{"embeddable":true,"href":"https:\/\/www.studiogera.de\/001\/wp-json\/wp\/v2\/comments?post=39602"}],"version-history":[{"count":2,"href":"https:\/\/www.studiogera.de\/001\/wp-json\/wp\/v2\/posts\/39602\/revisions"}],"predecessor-version":[{"id":39630,"href":"https:\/\/www.studiogera.de\/001\/wp-json\/wp\/v2\/posts\/39602\/revisions\/39630"}],"wp:featuredmedia":[{"embeddable":true,"href":"https:\/\/www.studiogera.de\/001\/wp-json\/wp\/v2\/media\/39017"}],"wp:attachment":[{"href":"https:\/\/www.studiogera.de\/001\/wp-json\/wp\/v2\/media?parent=39602"}],"wp:term":[{"taxonomy":"category","embeddable":true,"href":"https:\/\/www.studiogera.de\/001\/wp-json\/wp\/v2\/categories?post=39602"},{"taxonomy":"post_tag","embeddable":true,"href":"https:\/\/www.studiogera.de\/001\/wp-json\/wp\/v2\/tags?post=39602"}],"curies":[{"name":"wp","href":"https:\/\/api.w.org\/{rel}","templated":true}]}}