{"id":39608,"date":"2025-10-18T00:41:55","date_gmt":"2025-10-17T22:41:55","guid":{"rendered":"https:\/\/www.studiogera.de\/001\/?p=39608"},"modified":"2025-10-18T00:44:59","modified_gmt":"2025-10-17T22:44:59","slug":"veranstaltungen-am-samstag-116","status":"publish","type":"post","link":"https:\/\/www.studiogera.de\/001\/2025\/10\/18\/veranstaltungen-am-samstag-116\/","title":{"rendered":"VERANSTALTUNGEN AM SAMSTAG"},"content":{"rendered":"\n<p>Der Franz\u00f6sische Gourmetmarkt kann heute von 9 Uhr bis 14 Uhr letztmalig besucht werden.<\/p>\n\n\n\n<p>Das Herbstvolksfest auf dem Hofwiesenparkplatz wird um 14 Uhr er\u00f6ffnet. Der Oberb\u00fcrgermeister erscheint um 16 Uhr zum Anstich des gro\u00dfen Bierfasses.<\/p>\n\n\n\n<p>Um 14 Uhr beginnt am mittlerweile entleerten Simsonbrunnen eine anderthalbst\u00fcndige F\u00fchrung entlang der ehemaligen Stadtmauer. Reste des Bauwerks sind noch an allen vier Seiten der damaligen Stadtgrenze zu sehen. Nach dem Ausbau im 15. Jahrhundert hatte die Mauer f\u00fcnf steinerne Tore, Wehrg\u00e4nge, Schie\u00dfscharten, war grob verputzt und etwa acht Meter hoch. Von dem heute erhaltenen Schalenturm, dessen R\u00fcckseite urspr\u00fcnglich offen war, gab es mindestens noch zwei weitere. In der Florian-Geyer-Stra\u00dfe befand sich ein in die Stadtmauer eingebundener, burgenartig gestalteter Bereich. Es war der Amtssitz des vom Stift Quedlinburg eingesetzten Schulthei\u00dfen. F\u00fcr die danach leerstehende Anlage etablierte sich sp\u00e4ter die Bezeichnung Altes Schlo\u00df.<\/p>\n\n\n\n<p>Der Heimatverein Aga l\u00e4dt von 14 Uhr bis 18 Uhr zum zweiten Agaer Tanzkaffee in die Kantine der Handwerkskammer Aga ein. F\u00fcr eine Unkostenpauschale von 15 Euro erwartet die Besucher Unterhaltung, Musik und nat\u00fcrlich Kaffee, Kuchen und ein Begr\u00fc\u00dfungssekt.<\/p>\n\n\n\n<p>Ab 15 Uhr spielt die Ballsportgemeinschaft Wismut im Stadion am Steg gegen die Fu\u00dfballmannschaft aus Neustadt an der Orla.<\/p>\n\n\n\n<p>Das Ensemble Dix ist ab 18 Uhr im Haus Schulenburg mit einer Barockmusikdarbietung zu erleben. Um 20 Uhr beginnt die \u201eRock Revivial Band\u201c ihr Konzert im Zw\u00f6tzener Volkshaus. Einlass ist ab 19 Uhr.<\/p>\n\n\n\n<p>Zum Spieletreff in die Eisenbahnstra\u00dfe 5 sind Interessierte von 18 Uhr bis 22 Uhr eingeladen.<\/p>\n\n\n\n<p>Im Kultur- und Kongresszentrum wird von 19.30 Uhr bis 22 Uhr das Musical \u201eThe Addams Family\u201c aufgef\u00fchrt.<\/p>\n\n\n\n<p>Der \u201eGala-Abend der Magie\u201c bringt ab 20 Uhr meisterhafte Zauberkunst ins Comma nach Gera. Im Rahmen der Deutschen Jugendmeisterschaft der Zauberkunst erhalten Zuschauer bis 22 Uhr die M\u00f6glichkeit, gleich mehrere preisgekr\u00f6nte Zauberk\u00fcnstler zu sehen.<\/p>\n\n\n\n<p>In der Quisisana beginnt um 22 Uhr die Flirt-Party. Frauen haben bis 24 Uhr freien Eintritt. Ge\u00f6ffnet haben ab 22 Uhr auch die Diskotheken \u201eExil\u201c in der Heinrichstra\u00dfe 49 und der Seven-Club, wo zur Dark-Side-Night getanzt werden kann.<\/p>\n","protected":false},"excerpt":{"rendered":"<div class=\"mh-excerpt\"><p>Der Franz\u00f6sische Gourmetmarkt kann heute von 9 Uhr bis 14 Uhr letztmalig besucht werden. Das Herbstvolksfest auf dem Hofwiesenparkplatz wird um 14 Uhr er\u00f6ffnet. Der Oberb\u00fcrgermeister erscheint um 16 Uhr zum Anstich des gro\u00dfen Bierfasses. <a class=\"mh-excerpt-more\" href=\"https:\/\/www.studiogera.de\/001\/2025\/10\/18\/veranstaltungen-am-samstag-116\/\" title=\"VERANSTALTUNGEN AM SAMSTAG\">[&#8230;]<\/a><\/p>\n<\/div>","protected":false},"author":2,"featured_media":35759,"comment_status":"open","ping_status":"open","sticky":false,"template":"","format":"standard","meta":{"footnotes":""},"categories":[16],"tags":[],"class_list":{"0":"post-39608","1":"post","2":"type-post","3":"status-publish","4":"format-standard","5":"has-post-thumbnail","7":"category-kurzmitteilungen"},"_links":{"self":[{"href":"https:\/\/www.studiogera.de\/001\/wp-json\/wp\/v2\/posts\/39608","targetHints":{"allow":["GET"]}}],"collection":[{"href":"https:\/\/www.studiogera.de\/001\/wp-json\/wp\/v2\/posts"}],"about":[{"href":"https:\/\/www.studiogera.de\/001\/wp-json\/wp\/v2\/types\/post"}],"author":[{"embeddable":true,"href":"https:\/\/www.studiogera.de\/001\/wp-json\/wp\/v2\/users\/2"}],"replies":[{"embeddable":true,"href":"https:\/\/www.studiogera.de\/001\/wp-json\/wp\/v2\/comments?post=39608"}],"version-history":[{"count":3,"href":"https:\/\/www.studiogera.de\/001\/wp-json\/wp\/v2\/posts\/39608\/revisions"}],"predecessor-version":[{"id":39611,"href":"https:\/\/www.studiogera.de\/001\/wp-json\/wp\/v2\/posts\/39608\/revisions\/39611"}],"wp:featuredmedia":[{"embeddable":true,"href":"https:\/\/www.studiogera.de\/001\/wp-json\/wp\/v2\/media\/35759"}],"wp:attachment":[{"href":"https:\/\/www.studiogera.de\/001\/wp-json\/wp\/v2\/media?parent=39608"}],"wp:term":[{"taxonomy":"category","embeddable":true,"href":"https:\/\/www.studiogera.de\/001\/wp-json\/wp\/v2\/categories?post=39608"},{"taxonomy":"post_tag","embeddable":true,"href":"https:\/\/www.studiogera.de\/001\/wp-json\/wp\/v2\/tags?post=39608"}],"curies":[{"name":"wp","href":"https:\/\/api.w.org\/{rel}","templated":true}]}}