{"id":39612,"date":"2025-10-18T17:04:47","date_gmt":"2025-10-18T15:04:47","guid":{"rendered":"https:\/\/www.studiogera.de\/001\/?p=39612"},"modified":"2025-10-18T17:04:48","modified_gmt":"2025-10-18T15:04:48","slug":"eroeffnung-des-herbstvolksfestes","status":"publish","type":"post","link":"https:\/\/www.studiogera.de\/001\/2025\/10\/18\/eroeffnung-des-herbstvolksfestes\/","title":{"rendered":"ER\u00d6FFNUNG DES HERBSTVOLKSFESTES"},"content":{"rendered":"\n<p>Seit Samstag 14 Uhr laufen die Fahrgesch\u00e4fte auf dem Hofwiesenparkplatz. Oberb\u00fcrgermeister Kurt Dannenberg stach um 16.06 Uhr das vor dem Riesenrad aufgestellte Bierfass an. Damit war das Herbstvolksfest offiziell er\u00f6ffnet. Anders als beim H\u00f6hlerfest, gelang es dem Stadtoberhaupt diesmal, den Zapfhahn mit nur einem Hammerschlag in das Holz zu treiben. In seiner zuvor gehaltenen Begr\u00fc\u00dfungsrede dankte er allen, die das Fest erm\u00f6glicht haben und betonte, dass viel Arbeit n\u00f6tig ist, ehe der Spa\u00df beginnen kann. Bei dieser Gelegenheit stellte er den Anwesenden auch den neuen B\u00fcrgermeister vor, und sagte scherzhaft, er k\u00f6nne sich f\u00fcr das n\u00e4chste mal ansehen, wie so etwas geht, bevor er mit dem Holzhammer zum Schlag ausholte.<\/p>\n\n\n\n<p>Zum Zeitpunkt der offiziellen Er\u00f6ffnung befanden sich bereits recht viele Besucher auf dem Gel\u00e4nde \u2014 \u00fcberwiegend Eltern mit ihren Kindern sowie Jugendliche, die mit Freunden unterwegs waren. Insgesamt 16 Tage lang haben die Fahrgesch\u00e4fte ge\u00f6ffnet. Das H\u00f6henfeuerwerk kann am 31. Oktober gegen 21.30 Uhr bestaunt werden.<\/p>\n","protected":false},"excerpt":{"rendered":"<div class=\"mh-excerpt\"><p>Seit Samstag 14 Uhr laufen die Fahrgesch\u00e4fte auf dem Hofwiesenparkplatz. Oberb\u00fcrgermeister Kurt Dannenberg stach um 16.06 Uhr das vor dem Riesenrad aufgestellte Bierfass an. Damit war das Herbstvolksfest offiziell er\u00f6ffnet. Anders als beim H\u00f6hlerfest, gelang <a class=\"mh-excerpt-more\" href=\"https:\/\/www.studiogera.de\/001\/2025\/10\/18\/eroeffnung-des-herbstvolksfestes\/\" title=\"ER\u00d6FFNUNG DES HERBSTVOLKSFESTES\">[&#8230;]<\/a><\/p>\n<\/div>","protected":false},"author":2,"featured_media":39613,"comment_status":"open","ping_status":"open","sticky":false,"template":"","format":"standard","meta":{"footnotes":""},"categories":[8],"tags":[],"class_list":{"0":"post-39612","1":"post","2":"type-post","3":"status-publish","4":"format-standard","5":"has-post-thumbnail","7":"category-kultur"},"_links":{"self":[{"href":"https:\/\/www.studiogera.de\/001\/wp-json\/wp\/v2\/posts\/39612","targetHints":{"allow":["GET"]}}],"collection":[{"href":"https:\/\/www.studiogera.de\/001\/wp-json\/wp\/v2\/posts"}],"about":[{"href":"https:\/\/www.studiogera.de\/001\/wp-json\/wp\/v2\/types\/post"}],"author":[{"embeddable":true,"href":"https:\/\/www.studiogera.de\/001\/wp-json\/wp\/v2\/users\/2"}],"replies":[{"embeddable":true,"href":"https:\/\/www.studiogera.de\/001\/wp-json\/wp\/v2\/comments?post=39612"}],"version-history":[{"count":1,"href":"https:\/\/www.studiogera.de\/001\/wp-json\/wp\/v2\/posts\/39612\/revisions"}],"predecessor-version":[{"id":39614,"href":"https:\/\/www.studiogera.de\/001\/wp-json\/wp\/v2\/posts\/39612\/revisions\/39614"}],"wp:featuredmedia":[{"embeddable":true,"href":"https:\/\/www.studiogera.de\/001\/wp-json\/wp\/v2\/media\/39613"}],"wp:attachment":[{"href":"https:\/\/www.studiogera.de\/001\/wp-json\/wp\/v2\/media?parent=39612"}],"wp:term":[{"taxonomy":"category","embeddable":true,"href":"https:\/\/www.studiogera.de\/001\/wp-json\/wp\/v2\/categories?post=39612"},{"taxonomy":"post_tag","embeddable":true,"href":"https:\/\/www.studiogera.de\/001\/wp-json\/wp\/v2\/tags?post=39612"}],"curies":[{"name":"wp","href":"https:\/\/api.w.org\/{rel}","templated":true}]}}