{"id":39615,"date":"2025-10-19T00:41:01","date_gmt":"2025-10-18T22:41:01","guid":{"rendered":"https:\/\/www.studiogera.de\/001\/?p=39615"},"modified":"2025-10-19T00:45:53","modified_gmt":"2025-10-18T22:45:53","slug":"veranstaltungen-am-sonntag-107","status":"publish","type":"post","link":"https:\/\/www.studiogera.de\/001\/2025\/10\/19\/veranstaltungen-am-sonntag-107\/","title":{"rendered":"VERANSTALTUNGEN AM SONNTAG"},"content":{"rendered":"\n<p>Um 10 Uhr pr\u00e4sentiert das Friedensb\u00fcndnis Gera im Metropol-Theater den Film \u201eGreen Border\u201c. Nadine Herrmann und Wiebke Rohloff f\u00fchren von 14 Uhr bis 16 Uhr im Rathauskeller ihr St\u00fcck \u201eBei dir piekt\u2019s wohl?\u201c auf. Im Kultur- und Kongresszentrum ist von 19.30 Uhr bis 22 Uhr das Musical \u201eThe Addams Family\u201c zu erleben.<\/p>\n\n\n\n<p>Die dritte Mannschaft der Wismut-Fu\u00dfballer empf\u00e4ngt am Sonntag um 12.30 Uhr im Stadion am Steg die Spieler von SG R\u00fcdersdorf II. Um 15 Uhr tritt dort die zweite Wismut-M\u00e4nnermannschaft gegen den SV Rositz an.<\/p>\n\n\n\n<p>Ab 16 Uhr wird in der Panndorfhalle Handball gespielt. Der Post SV trifft auf die Handballspielgemeinschaft H\u00f6rselgau\/Waltershausen.<\/p>\n\n\n\n<p>Das Museum f\u00fcr Naturkunde widmet sich in seiner neuen Ausstellung den Tieren der Nacht. Die Besucher erfahren au\u00dferdem Wissenswertes zur Geologie, Flora und Fauna Ostth\u00fcringens und k\u00f6nnen verschiendene Mineralien sowie nat\u00fcrlich entstandene Gl\u00e4ser bestaunen.<\/p>\n\n\n\n<p>Im Museums f\u00fcr angewandte Kunst entfaltet sich die Kunst der Textilgestaltung von Geraer Firmen in vielen Facetten und \u00fcber mehrere Jahrhunderte.<\/p>\n\n\n\n<p>Letzmalig kann im Stadtmuseum die Sonderausstellung \u201eDas bedeutet Krieg. Stadt und Menschen in bewaffneten Konflikten\u201c besucht werden. Sie thematisiert die Rolle von St\u00e4dten als Lebensr\u00e4ume und zugleich als Schaupl\u00e4tze von Zerst\u00f6rung in Kriegszeiten. Anhand zahlreicher Beispiele wird gezeigt, wie bewaffnete Konflikte \u00fcber Jahrhunderte hinweg das Gesicht Geras ver\u00e4ndert haben \u2014 vom S\u00e4chsischen Bruderkrieg bis zu den Auseinandersetzungen des 20. Jahrhunderts. Im Mittelpunkt steht die Frage, wie Krieg das st\u00e4dtische Leben beeinflusste: durch Pl\u00fcnderungen, Hunger, Verw\u00fcstungen und gesellschaftliche Umbr\u00fcche \u2014 ebenso aber durch die Widerstandskraft und Anpassungsf\u00e4higkeit der Bev\u00f6lkerung. Die F\u00fchrung erm\u00f6glicht tiefere Einblicke in verschiedene Epochen, ausgew\u00e4hlte Exponate und pers\u00f6nliche Schicksale. Sie l\u00e4dt zugleich dazu ein, \u00fcber den hohen Wert von Frieden und Stabilit\u00e4t nachzudenken \u2014 besonders im Hinblick auf acht Jahrzehnte Frieden in Deutschland.<\/p>\n\n\n\n<p>Zu Ehren von Otto Lummer pr\u00e4sentiert das Stadtmuseum au\u00dferdem die Exposition \u201eEin Wissenschaftler aus Gera an der Pforte zur Neuen Physik\u201c. Sie w\u00fcrdigt einen Geraer Naturwissenschaftler von internationalem Rang.<\/p>\n\n\n\n<p>Die Schausteller auf dem Hofwiesenparkplatz laden am Sonntag von 14 Uhr bis 22 Uhr zum Herbstvolksfest ein.<\/p>\n\n\n\n<p>Ge\u00f6ffnet haben auch die H\u00f6hler, der Tierpark und der Botanische Garten in der Nicolaistra\u00dfe 24.<\/p>\n","protected":false},"excerpt":{"rendered":"<div class=\"mh-excerpt\"><p>Um 10 Uhr pr\u00e4sentiert das Friedensb\u00fcndnis Gera im Metropol-Theater den Film \u201eGreen Border\u201c. Nadine Herrmann und Wiebke Rohloff f\u00fchren von 14 Uhr bis 16 Uhr im Rathauskeller ihr St\u00fcck \u201eBei dir piekt\u2019s wohl?\u201c auf. Im <a class=\"mh-excerpt-more\" href=\"https:\/\/www.studiogera.de\/001\/2025\/10\/19\/veranstaltungen-am-sonntag-107\/\" title=\"VERANSTALTUNGEN AM SONNTAG\">[&#8230;]<\/a><\/p>\n<\/div>","protected":false},"author":2,"featured_media":37306,"comment_status":"open","ping_status":"open","sticky":false,"template":"","format":"standard","meta":{"footnotes":""},"categories":[16],"tags":[],"class_list":{"0":"post-39615","1":"post","2":"type-post","3":"status-publish","4":"format-standard","5":"has-post-thumbnail","7":"category-kurzmitteilungen"},"_links":{"self":[{"href":"https:\/\/www.studiogera.de\/001\/wp-json\/wp\/v2\/posts\/39615","targetHints":{"allow":["GET"]}}],"collection":[{"href":"https:\/\/www.studiogera.de\/001\/wp-json\/wp\/v2\/posts"}],"about":[{"href":"https:\/\/www.studiogera.de\/001\/wp-json\/wp\/v2\/types\/post"}],"author":[{"embeddable":true,"href":"https:\/\/www.studiogera.de\/001\/wp-json\/wp\/v2\/users\/2"}],"replies":[{"embeddable":true,"href":"https:\/\/www.studiogera.de\/001\/wp-json\/wp\/v2\/comments?post=39615"}],"version-history":[{"count":2,"href":"https:\/\/www.studiogera.de\/001\/wp-json\/wp\/v2\/posts\/39615\/revisions"}],"predecessor-version":[{"id":39618,"href":"https:\/\/www.studiogera.de\/001\/wp-json\/wp\/v2\/posts\/39615\/revisions\/39618"}],"wp:featuredmedia":[{"embeddable":true,"href":"https:\/\/www.studiogera.de\/001\/wp-json\/wp\/v2\/media\/37306"}],"wp:attachment":[{"href":"https:\/\/www.studiogera.de\/001\/wp-json\/wp\/v2\/media?parent=39615"}],"wp:term":[{"taxonomy":"category","embeddable":true,"href":"https:\/\/www.studiogera.de\/001\/wp-json\/wp\/v2\/categories?post=39615"},{"taxonomy":"post_tag","embeddable":true,"href":"https:\/\/www.studiogera.de\/001\/wp-json\/wp\/v2\/tags?post=39615"}],"curies":[{"name":"wp","href":"https:\/\/api.w.org\/{rel}","templated":true}]}}