{"id":39623,"date":"2025-10-19T20:36:07","date_gmt":"2025-10-19T18:36:07","guid":{"rendered":"https:\/\/www.studiogera.de\/001\/?p=39623"},"modified":"2025-10-19T20:36:07","modified_gmt":"2025-10-19T18:36:07","slug":"einsaetze-der-feuerwehr-23","status":"publish","type":"post","link":"https:\/\/www.studiogera.de\/001\/2025\/10\/19\/einsaetze-der-feuerwehr-23\/","title":{"rendered":"EINS\u00c4TZE DER FEUERWEHR"},"content":{"rendered":"\n<p>Um 11.51 Uhr am 19. Oktober 2025 musste die Feuerwehr in die Vollersdorfer Stra\u00dfe zu einer T\u00fcr-Not\u00f6ffnung ausr\u00fccken. Dort angekommen, bestand allerdings kein Handlungsbedarf mehr. Kurze Zeit sp\u00e4ter wurde die Freiwillige Feuerwehr Gera-Mitte mit ihrem HLF, TLF und MZF gemeinsam mit den Feuerwehren Rosch\u00fctz, Langenberg, Aga sowie den hauptamtlichen Kr\u00e4ften in die Rosch\u00fctzer Stra\u00dfe zu einem gemeldeten K\u00fcchenbrand alarmiert. Bei der Lageerkundung vor Ort wurde ein Kleinbrand im Bereich der K\u00fcche festgestellt. Dieser konnte nach Evakuierung des Geb\u00e4udes gel\u00f6scht werden. Anschlie\u00dfend wurde das Haus bel\u00fcftet. <\/p>\n","protected":false},"excerpt":{"rendered":"<div class=\"mh-excerpt\"><p>Um 11.51 Uhr am 19. Oktober 2025 musste die Feuerwehr in die Vollersdorfer Stra\u00dfe zu einer T\u00fcr-Not\u00f6ffnung ausr\u00fccken. Dort angekommen, bestand allerdings kein Handlungsbedarf mehr. Kurze Zeit sp\u00e4ter wurde die Freiwillige Feuerwehr Gera-Mitte mit ihrem <a class=\"mh-excerpt-more\" href=\"https:\/\/www.studiogera.de\/001\/2025\/10\/19\/einsaetze-der-feuerwehr-23\/\" title=\"EINS\u00c4TZE DER FEUERWEHR\">[&#8230;]<\/a><\/p>\n<\/div>","protected":false},"author":3,"featured_media":15687,"comment_status":"open","ping_status":"open","sticky":false,"template":"","format":"standard","meta":{"footnotes":""},"categories":[13],"tags":[],"class_list":{"0":"post-39623","1":"post","2":"type-post","3":"status-publish","4":"format-standard","5":"has-post-thumbnail","7":"category-polizeiberichte"},"_links":{"self":[{"href":"https:\/\/www.studiogera.de\/001\/wp-json\/wp\/v2\/posts\/39623","targetHints":{"allow":["GET"]}}],"collection":[{"href":"https:\/\/www.studiogera.de\/001\/wp-json\/wp\/v2\/posts"}],"about":[{"href":"https:\/\/www.studiogera.de\/001\/wp-json\/wp\/v2\/types\/post"}],"author":[{"embeddable":true,"href":"https:\/\/www.studiogera.de\/001\/wp-json\/wp\/v2\/users\/3"}],"replies":[{"embeddable":true,"href":"https:\/\/www.studiogera.de\/001\/wp-json\/wp\/v2\/comments?post=39623"}],"version-history":[{"count":1,"href":"https:\/\/www.studiogera.de\/001\/wp-json\/wp\/v2\/posts\/39623\/revisions"}],"predecessor-version":[{"id":39624,"href":"https:\/\/www.studiogera.de\/001\/wp-json\/wp\/v2\/posts\/39623\/revisions\/39624"}],"wp:featuredmedia":[{"embeddable":true,"href":"https:\/\/www.studiogera.de\/001\/wp-json\/wp\/v2\/media\/15687"}],"wp:attachment":[{"href":"https:\/\/www.studiogera.de\/001\/wp-json\/wp\/v2\/media?parent=39623"}],"wp:term":[{"taxonomy":"category","embeddable":true,"href":"https:\/\/www.studiogera.de\/001\/wp-json\/wp\/v2\/categories?post=39623"},{"taxonomy":"post_tag","embeddable":true,"href":"https:\/\/www.studiogera.de\/001\/wp-json\/wp\/v2\/tags?post=39623"}],"curies":[{"name":"wp","href":"https:\/\/api.w.org\/{rel}","templated":true}]}}