{"id":39625,"date":"2025-10-19T23:54:37","date_gmt":"2025-10-19T21:54:37","guid":{"rendered":"https:\/\/www.studiogera.de\/001\/?p=39625"},"modified":"2025-10-19T23:54:39","modified_gmt":"2025-10-19T21:54:39","slug":"sitzungen-in-der-43-kalenderwoche","status":"publish","type":"post","link":"https:\/\/www.studiogera.de\/001\/2025\/10\/19\/sitzungen-in-der-43-kalenderwoche\/","title":{"rendered":"SITZUNGEN IN DER 43. KALENDERWOCHE"},"content":{"rendered":"\n<p>Am Montag, den 20. Oktober 2025, tagt im Beratungsraum 200 des Rathauses der Hauptausschuss. Auf der Tagesordnung steht unter anderem die Nachwahl eines stellvertretenden Mitglieds f\u00fcr den Seniorenbeirat, die Namensgebung der Sporthalle am Bildungscampus Lusan, das Golde-Areal und der Haushaltsplan der Stadt Gera f\u00fcr das Jahr 2026. Die Ortsteilr\u00e4te haben folgende Sitzungstermine:<\/p>\n\n\n\n<ul class=\"wp-block-list\">\n<li>Debschwitz: 20. Oktober 2025, 18 Uhr, Wiesestra\u00dfe 101<\/li>\n\n\n\n<li>R\u00f6psen: 20. Oktober 2025, 19 Uhr, R\u00f6psen 31<\/li>\n\n\n\n<li>Ostviertel, Leumnitz, S\u00fcdhang: 21. Oktober 2025, 18 Uhr, Mittelstra\u00dfe 22<\/li>\n\n\n\n<li>Zw\u00f6tzen: 22. Oktober 2025, 18 Uhr, Pfarrstra\u00dfe 3<\/li>\n\n\n\n<li>Hain: 22. Oktober 2025, 18.30 Uhr, Hain 30<\/li>\n\n\n\n<li>Falka: 22. Oktober 2025, 19 Uhr, Sportplatz 15 in Kleinfalke<\/li>\n\n\n\n<li>Pforten, Zschippern: 23. Oktober 2025, 18 Uhr, Robert-Blum-Stra\u00dfe 35<\/li>\n\n\n\n<li>Aga: 23. Oktober 2025, 18.30 Uhr, Reichenbacher Stra\u00dfe 8 A<\/li>\n\n\n\n<li>D\u00fcrrenebersdorf, Langengrobsdorf: 23. Oktober 2025, 18.30 Uhr, Hofer Stra\u00dfe 12 D<\/li>\n\n\n\n<li>Untermhaus: 23. Oktober 2025, 19 Uhr, Untermh\u00e4user Stra\u00dfe 22<\/li>\n\n\n\n<li>Liebschwitz: 23. Oktober 2025, 19 Uhr, Gartenstra\u00dfe 5<\/li>\n\n\n\n<li>Westvororte: 23. Oktober 2025, 19 Uhr, Weidicht 3<\/li>\n\n\n\n<li>Thr\u00e4nitz: 23. Oktober 2025, 19.30 Uhr, Collis 2<\/li>\n\n\n\n<li>Naulitz: 23. Oktober 2025, 19.30 Uhr, Naulitz 7<\/li>\n<\/ul>\n\n\n\n<p>Interessierte B\u00fcrger k\u00f6nnen den Sitzungen beiwohnen. Alle Tagesordnungspunkte sind im offiziellen Amtsblatt der Stadt Gera zu finden. Dort wird auch \u00fcber die Zwangsversteigerung der Ruine Schellingstra\u00dfe 22 und eines verwahrlosten Gartens nahe der Biblacher Stra\u00dfe informiert. Die 76. Sitzung des Stadtrates wird abgehalten am 12. November 2025.<\/p>\n","protected":false},"excerpt":{"rendered":"<div class=\"mh-excerpt\"><p>Am Montag, den 20. Oktober 2025, tagt im Beratungsraum 200 des Rathauses der Hauptausschuss. Auf der Tagesordnung steht unter anderem die Nachwahl eines stellvertretenden Mitglieds f\u00fcr den Seniorenbeirat, die Namensgebung der Sporthalle am Bildungscampus Lusan, <a class=\"mh-excerpt-more\" href=\"https:\/\/www.studiogera.de\/001\/2025\/10\/19\/sitzungen-in-der-43-kalenderwoche\/\" title=\"SITZUNGEN IN DER 43. KALENDERWOCHE\">[&#8230;]<\/a><\/p>\n<\/div>","protected":false},"author":3,"featured_media":22603,"comment_status":"open","ping_status":"open","sticky":false,"template":"","format":"standard","meta":{"footnotes":""},"categories":[16],"tags":[],"class_list":{"0":"post-39625","1":"post","2":"type-post","3":"status-publish","4":"format-standard","5":"has-post-thumbnail","7":"category-kurzmitteilungen"},"_links":{"self":[{"href":"https:\/\/www.studiogera.de\/001\/wp-json\/wp\/v2\/posts\/39625","targetHints":{"allow":["GET"]}}],"collection":[{"href":"https:\/\/www.studiogera.de\/001\/wp-json\/wp\/v2\/posts"}],"about":[{"href":"https:\/\/www.studiogera.de\/001\/wp-json\/wp\/v2\/types\/post"}],"author":[{"embeddable":true,"href":"https:\/\/www.studiogera.de\/001\/wp-json\/wp\/v2\/users\/3"}],"replies":[{"embeddable":true,"href":"https:\/\/www.studiogera.de\/001\/wp-json\/wp\/v2\/comments?post=39625"}],"version-history":[{"count":1,"href":"https:\/\/www.studiogera.de\/001\/wp-json\/wp\/v2\/posts\/39625\/revisions"}],"predecessor-version":[{"id":39626,"href":"https:\/\/www.studiogera.de\/001\/wp-json\/wp\/v2\/posts\/39625\/revisions\/39626"}],"wp:featuredmedia":[{"embeddable":true,"href":"https:\/\/www.studiogera.de\/001\/wp-json\/wp\/v2\/media\/22603"}],"wp:attachment":[{"href":"https:\/\/www.studiogera.de\/001\/wp-json\/wp\/v2\/media?parent=39625"}],"wp:term":[{"taxonomy":"category","embeddable":true,"href":"https:\/\/www.studiogera.de\/001\/wp-json\/wp\/v2\/categories?post=39625"},{"taxonomy":"post_tag","embeddable":true,"href":"https:\/\/www.studiogera.de\/001\/wp-json\/wp\/v2\/tags?post=39625"}],"curies":[{"name":"wp","href":"https:\/\/api.w.org\/{rel}","templated":true}]}}