{"id":39627,"date":"2025-10-20T00:19:37","date_gmt":"2025-10-19T22:19:37","guid":{"rendered":"https:\/\/www.studiogera.de\/001\/?p=39627"},"modified":"2025-10-20T00:19:39","modified_gmt":"2025-10-19T22:19:39","slug":"matinee-zu-der-aufhaltsame-aufstieg-des-arturo-ui","status":"publish","type":"post","link":"https:\/\/www.studiogera.de\/001\/2025\/10\/20\/matinee-zu-der-aufhaltsame-aufstieg-des-arturo-ui\/","title":{"rendered":"MATINEE ZU \u201eDER AUFHALTSAME AUFSTIEG DES ARTURO UI\u201c"},"content":{"rendered":"\n<p>Mit Bertolt Brechts zeitloser Satire \u201eDer aufhaltsame Aufstieg des Arturo Ui\u201c bringt das Schauspielensemble des Theaters Altenburg Gera ab Freitag, den 14. November, eine bitterb\u00f6se Parabel \u00fcber Macht, Korruption und politische Verf\u00fchrbarkeit auf die B\u00fchne des Gro\u00dfen Hauses Gera. Bereits vor der Premiere l\u00e4dt das Theater am Sonntag, den 2. November 2025, um 11 Uhr zu einer Matinee in die Spielst\u00e4tte B\u00fchne am Park Gera ein. Diese bietet spannende Einblicke in die Inszenierung und ihre Hintergr\u00fcnde.<\/p>\n\n\n\n<p>Moderiert von Schauspieldramaturg Felix J. Mohr f\u00fchrt die Veranstaltung durch Leben und Werk Bertolt Brechts, beleuchtet die inhaltlichen und historischen Bez\u00fcge des St\u00fccks und bietet mit einem szenischen Ausschnitt \u2013 gespielt von Jakob Spiegler und Marie Luis Kie\u00dfling \u2013 einen Vorgeschmack auf die kommende Premiere.<\/p>\n\n\n\n<p>Im anschlie\u00dfenden Gespr\u00e4ch berichten Schauspieldirektor Manuel Kressin, Schauspielkapellmeister Olav Kr\u00f6ger sowie die beteiligten Schauspieler \u00fcber ihre k\u00fcnstlerische Arbeit, die Figurenentwicklung und die aktuelle Relevanz des Stoffes. Abgerundet wird die Matinee durch das humorvolle Quiz \u201eBrecht\u2019igte Frage\u201c, in dem das Ensemble mit Wissen und Witz rund um Brechts Leben und Werk gegeneinander antritt.<\/p>\n\n\n\n<p>Eintrittskarten sind an den Theaterkassen sowie \u00fcber die Webseite des Theaters erh\u00e4ltlich. Diese sind unter der Rufnummer 0365 8279105 bzw. 03447 585160 sowie \u00fcber \u201ehttps:\/\/theater-altenburg-gera.de\/\u201d erreichbar.<\/p>\n\n\n\n<p>QUELLE: THEATER ALTENBURG GERA GGMBH<\/p>\n","protected":false},"excerpt":{"rendered":"<div class=\"mh-excerpt\"><p>Mit Bertolt Brechts zeitloser Satire \u201eDer aufhaltsame Aufstieg des Arturo Ui\u201c bringt das Schauspielensemble des Theaters Altenburg Gera ab Freitag, den 14. November, eine bitterb\u00f6se Parabel \u00fcber Macht, Korruption und politische Verf\u00fchrbarkeit auf die B\u00fchne <a class=\"mh-excerpt-more\" href=\"https:\/\/www.studiogera.de\/001\/2025\/10\/20\/matinee-zu-der-aufhaltsame-aufstieg-des-arturo-ui\/\" title=\"MATINEE ZU \u201eDER AUFHALTSAME AUFSTIEG DES ARTURO UI\u201c\">[&#8230;]<\/a><\/p>\n<\/div>","protected":false},"author":2,"featured_media":39628,"comment_status":"open","ping_status":"open","sticky":false,"template":"","format":"standard","meta":{"footnotes":""},"categories":[15],"tags":[],"class_list":{"0":"post-39627","1":"post","2":"type-post","3":"status-publish","4":"format-standard","5":"has-post-thumbnail","7":"category-theater"},"_links":{"self":[{"href":"https:\/\/www.studiogera.de\/001\/wp-json\/wp\/v2\/posts\/39627","targetHints":{"allow":["GET"]}}],"collection":[{"href":"https:\/\/www.studiogera.de\/001\/wp-json\/wp\/v2\/posts"}],"about":[{"href":"https:\/\/www.studiogera.de\/001\/wp-json\/wp\/v2\/types\/post"}],"author":[{"embeddable":true,"href":"https:\/\/www.studiogera.de\/001\/wp-json\/wp\/v2\/users\/2"}],"replies":[{"embeddable":true,"href":"https:\/\/www.studiogera.de\/001\/wp-json\/wp\/v2\/comments?post=39627"}],"version-history":[{"count":1,"href":"https:\/\/www.studiogera.de\/001\/wp-json\/wp\/v2\/posts\/39627\/revisions"}],"predecessor-version":[{"id":39629,"href":"https:\/\/www.studiogera.de\/001\/wp-json\/wp\/v2\/posts\/39627\/revisions\/39629"}],"wp:featuredmedia":[{"embeddable":true,"href":"https:\/\/www.studiogera.de\/001\/wp-json\/wp\/v2\/media\/39628"}],"wp:attachment":[{"href":"https:\/\/www.studiogera.de\/001\/wp-json\/wp\/v2\/media?parent=39627"}],"wp:term":[{"taxonomy":"category","embeddable":true,"href":"https:\/\/www.studiogera.de\/001\/wp-json\/wp\/v2\/categories?post=39627"},{"taxonomy":"post_tag","embeddable":true,"href":"https:\/\/www.studiogera.de\/001\/wp-json\/wp\/v2\/tags?post=39627"}],"curies":[{"name":"wp","href":"https:\/\/api.w.org\/{rel}","templated":true}]}}