{"id":39635,"date":"2025-10-20T13:59:15","date_gmt":"2025-10-20T11:59:15","guid":{"rendered":"https:\/\/www.studiogera.de\/001\/?p=39635"},"modified":"2025-10-20T13:59:16","modified_gmt":"2025-10-20T11:59:16","slug":"auseinandersetzung-in-der-strasse-des-friedens","status":"publish","type":"post","link":"https:\/\/www.studiogera.de\/001\/2025\/10\/20\/auseinandersetzung-in-der-strasse-des-friedens\/","title":{"rendered":"AUSEINANDERSETZUNG IN DER STRASSE DES FRIEDENS"},"content":{"rendered":"\n<p>Am 19. Oktober 2025 wurde der Landespolizeiinspektion Gera bekannt, dass sich nachts gegen 3 Uhr ein Streit in der Stra\u00dfe des Friedens an der Kreuzung Kopernikusstra\u00dfe ereignet haben soll. Ein 58-J\u00e4hriger geriet mit einem bislang unbekannten T\u00e4ter in eine verbale Auseinandersetzung, woraufhin diese in eine k\u00f6rperliche Auseinandersetzung m\u00fcndete. Im Rahmen dessen wurde der 58-J\u00e4hrige nach bisherigen Erkenntnissen mit einem bislang unbekannten Schnittwerkzeug an seinem Arm verletzt. Nach dem Streit begab sich der Gesch\u00e4digte in seine Wohnung und lie\u00df sich am Morgen \u00e4rztlich behandeln. Ein aufmerksamer B\u00fcrger meldete der Polizei am selbigen Tag gegen 11.45 Uhr eine Blutlache vor dem Wohnhaus des Gesch\u00e4digten, woraufhin die Polizeibeamten zum Einsatz kamen und vom Sachverhalt erfuhren. Die Polizei hat ein entsprechendes Ermittlungsverfahren eingeleitet. Der unbekannte T\u00e4ter wird auf zirka 20 Jahre gesch\u00e4tzt und soll 170 bis 175 Zentimeter gro\u00df gewesen sein. Die Polizei bittet Zeugen, welche sachdienliche Angaben machen k\u00f6nnen, sich unter der Telefonnummer 0365 82341465 zu melden. Am Telefon ist die Angabe der Bezugsnummer 0271887\/2025 erforderlich.<\/p>\n","protected":false},"excerpt":{"rendered":"<div class=\"mh-excerpt\"><p>Am 19. Oktober 2025 wurde der Landespolizeiinspektion Gera bekannt, dass sich nachts gegen 3 Uhr ein Streit in der Stra\u00dfe des Friedens an der Kreuzung Kopernikusstra\u00dfe ereignet haben soll. Ein 58-J\u00e4hriger geriet mit einem bislang <a class=\"mh-excerpt-more\" href=\"https:\/\/www.studiogera.de\/001\/2025\/10\/20\/auseinandersetzung-in-der-strasse-des-friedens\/\" title=\"AUSEINANDERSETZUNG IN DER STRASSE DES FRIEDENS\">[&#8230;]<\/a><\/p>\n<\/div>","protected":false},"author":3,"featured_media":9352,"comment_status":"open","ping_status":"open","sticky":false,"template":"","format":"standard","meta":{"footnotes":""},"categories":[13],"tags":[],"class_list":{"0":"post-39635","1":"post","2":"type-post","3":"status-publish","4":"format-standard","5":"has-post-thumbnail","7":"category-polizeiberichte"},"_links":{"self":[{"href":"https:\/\/www.studiogera.de\/001\/wp-json\/wp\/v2\/posts\/39635","targetHints":{"allow":["GET"]}}],"collection":[{"href":"https:\/\/www.studiogera.de\/001\/wp-json\/wp\/v2\/posts"}],"about":[{"href":"https:\/\/www.studiogera.de\/001\/wp-json\/wp\/v2\/types\/post"}],"author":[{"embeddable":true,"href":"https:\/\/www.studiogera.de\/001\/wp-json\/wp\/v2\/users\/3"}],"replies":[{"embeddable":true,"href":"https:\/\/www.studiogera.de\/001\/wp-json\/wp\/v2\/comments?post=39635"}],"version-history":[{"count":1,"href":"https:\/\/www.studiogera.de\/001\/wp-json\/wp\/v2\/posts\/39635\/revisions"}],"predecessor-version":[{"id":39636,"href":"https:\/\/www.studiogera.de\/001\/wp-json\/wp\/v2\/posts\/39635\/revisions\/39636"}],"wp:featuredmedia":[{"embeddable":true,"href":"https:\/\/www.studiogera.de\/001\/wp-json\/wp\/v2\/media\/9352"}],"wp:attachment":[{"href":"https:\/\/www.studiogera.de\/001\/wp-json\/wp\/v2\/media?parent=39635"}],"wp:term":[{"taxonomy":"category","embeddable":true,"href":"https:\/\/www.studiogera.de\/001\/wp-json\/wp\/v2\/categories?post=39635"},{"taxonomy":"post_tag","embeddable":true,"href":"https:\/\/www.studiogera.de\/001\/wp-json\/wp\/v2\/tags?post=39635"}],"curies":[{"name":"wp","href":"https:\/\/api.w.org\/{rel}","templated":true}]}}