{"id":39637,"date":"2025-10-20T14:36:17","date_gmt":"2025-10-20T12:36:17","guid":{"rendered":"https:\/\/www.studiogera.de\/001\/?p=39637"},"modified":"2025-10-20T14:36:18","modified_gmt":"2025-10-20T12:36:18","slug":"von-den-hofwiesen-zum-hofwiesenpark","status":"publish","type":"post","link":"https:\/\/www.studiogera.de\/001\/2025\/10\/20\/von-den-hofwiesen-zum-hofwiesenpark\/","title":{"rendered":"VON DEN HOFWIESEN ZUM HOFWIESENPARK"},"content":{"rendered":"\n<p><em>Im Rahmen der \u201eGeschichte am Nachmittag\u201c h\u00e4lt Thomas Leidel am Donnerstag, den 30. Oktober 2025, ab 14 Uhr im Stadtmuseum einen Vortrag mit dem Titel \u201eGeras Stadtpark \u2013 die Entwicklung von den Hofwiesen zum Hofwiesenpark\u201c.<\/em><\/p>\n\n\n\n<p>Ein gro\u00dfer Teil der ehemals unbebauten Hofwiesen wurde in der zweiten H\u00e4lfte des 19. Jahrhunderts grundlegend umgestaltet und in Bauland \u00fcberf\u00fchrt. Damit entstanden wichtige Voraussetzungen f\u00fcr die industrielle Entwicklung Geras \u2013 insbesondere entlang der sp\u00e4teren Parkstra\u00dfe, am Bahndamm und an der Neuen Stra\u00dfe. Neben Industrieanlagen pr\u00e4gten auch Villenbauten das neue Bild.<\/p>\n\n\n\n<p>Im 20. Jahrhundert kamen Wohnungsbauprojekte sowie Planungen und Einrichtungen f\u00fcr Sport und Erholung hinzu. Erst zu Beginn des 21. Jahrhunderts erhielten die Hofwiesen dann eine v\u00f6llig neue Funktion: Sie wurden in einen eigenst\u00e4ndigen, gro\u00dfz\u00fcgigen und multifunktionalen Stadtraum verwandelt \u2013 den ersten Stadtpark Geras.<\/p>\n\n\n\n<p>Der Vortrag begibt sich auf eine spannende Spurensuche zwischen \u201eVorher\u201c und \u201eNachher\u201c und beleuchtet die wechselvolle Entwicklung dieser besonderen Fl\u00e4che.<\/p>\n\n\n\n<p>TEXT: THOMAS LEIDEL<\/p>\n","protected":false},"excerpt":{"rendered":"<div class=\"mh-excerpt\"><p>Im Rahmen der \u201eGeschichte am Nachmittag\u201c h\u00e4lt Thomas Leidel am Donnerstag, den 30. Oktober 2025, ab 14 Uhr im Stadtmuseum einen Vortrag mit dem Titel \u201eGeras Stadtpark \u2013 die Entwicklung von den Hofwiesen zum Hofwiesenpark\u201c. <a class=\"mh-excerpt-more\" href=\"https:\/\/www.studiogera.de\/001\/2025\/10\/20\/von-den-hofwiesen-zum-hofwiesenpark\/\" title=\"VON DEN HOFWIESEN ZUM HOFWIESENPARK\">[&#8230;]<\/a><\/p>\n<\/div>","protected":false},"author":2,"featured_media":39638,"comment_status":"open","ping_status":"open","sticky":false,"template":"","format":"standard","meta":{"footnotes":""},"categories":[7],"tags":[],"class_list":{"0":"post-39637","1":"post","2":"type-post","3":"status-publish","4":"format-standard","5":"has-post-thumbnail","7":"category-regionalkunde"},"_links":{"self":[{"href":"https:\/\/www.studiogera.de\/001\/wp-json\/wp\/v2\/posts\/39637","targetHints":{"allow":["GET"]}}],"collection":[{"href":"https:\/\/www.studiogera.de\/001\/wp-json\/wp\/v2\/posts"}],"about":[{"href":"https:\/\/www.studiogera.de\/001\/wp-json\/wp\/v2\/types\/post"}],"author":[{"embeddable":true,"href":"https:\/\/www.studiogera.de\/001\/wp-json\/wp\/v2\/users\/2"}],"replies":[{"embeddable":true,"href":"https:\/\/www.studiogera.de\/001\/wp-json\/wp\/v2\/comments?post=39637"}],"version-history":[{"count":1,"href":"https:\/\/www.studiogera.de\/001\/wp-json\/wp\/v2\/posts\/39637\/revisions"}],"predecessor-version":[{"id":39639,"href":"https:\/\/www.studiogera.de\/001\/wp-json\/wp\/v2\/posts\/39637\/revisions\/39639"}],"wp:featuredmedia":[{"embeddable":true,"href":"https:\/\/www.studiogera.de\/001\/wp-json\/wp\/v2\/media\/39638"}],"wp:attachment":[{"href":"https:\/\/www.studiogera.de\/001\/wp-json\/wp\/v2\/media?parent=39637"}],"wp:term":[{"taxonomy":"category","embeddable":true,"href":"https:\/\/www.studiogera.de\/001\/wp-json\/wp\/v2\/categories?post=39637"},{"taxonomy":"post_tag","embeddable":true,"href":"https:\/\/www.studiogera.de\/001\/wp-json\/wp\/v2\/tags?post=39637"}],"curies":[{"name":"wp","href":"https:\/\/api.w.org\/{rel}","templated":true}]}}