{"id":39649,"date":"2025-10-20T22:19:47","date_gmt":"2025-10-20T20:19:47","guid":{"rendered":"https:\/\/www.studiogera.de\/001\/?p=39649"},"modified":"2025-10-20T22:19:48","modified_gmt":"2025-10-20T20:19:48","slug":"die-roteiche-vortrag-zum-baum-des-jahres-2025","status":"publish","type":"post","link":"https:\/\/www.studiogera.de\/001\/2025\/10\/20\/die-roteiche-vortrag-zum-baum-des-jahres-2025\/","title":{"rendered":"DIE ROTEICHE \u2014 VORTRAG ZUM BAUM DES JAHRES 2025"},"content":{"rendered":"\n<p>Im Oktober laden die Geraer Geh\u00f6lzfreunde traditionell zu einer Veranstaltung zum Baum des Jahres in die Geraer Bibliothek am Puschkinplatz ein. In diesem Jahr wird der \u201eBaum des Jahres 2025: Die Roteiche\u201c vorgestellt von Daniel Heinrich, Revierf\u00f6rster vom Forstamt Weida und Leiter des Jugendwaldheims Gera-Ernsee, am Donnerstag, den 23. Oktober 2025, um 18 Uhr.<\/p>\n\n\n\n<p>In der Begr\u00fcndung zur Wahl der Roteiche zum Baum des Jahres 2025 hei\u00dft es:<\/p>\n\n\n\n<blockquote class=\"wp-block-quote is-layout-flow wp-block-quote-is-layout-flow\">\n<p>\u201eDie beeindruckende Baumart fasziniert nicht nur durch ihr elegantes und farbenpr\u00e4chtiges Erscheinungsbild, sondern auch durch ihre vielf\u00e4ltigen positiven Eigenschaften und Nutzungsm\u00f6glichkeiten.\u201c<\/p>\n<\/blockquote>\n\n\n\n<p>Die Roteiche, im wissenschaftlichen Latein Quercus rubra genannt, stammt aus dem \u00f6stlichen und zentralen Nordamerika. Sie z\u00e4hlt zu den am weitesten verbreiteten und h\u00e4ufigsten dort vorkommenden Eichenarten. Sie ist der offizielle Staatsbaum des US-Bundesstaates New Jersey. In Europa wurde sie 1724 eingef\u00fchrt, zuerst in England, und seitdem als Forst- und Parkbaum h\u00e4ufig angepflanzt. In holzwirtschaftlich genutzten W\u00e4ldern ist sie in weiten Teilen Europas von S\u00fcdskandinavien bis nach Nordspanien und bis zum Balkan anzutreffen. Sie stellt in Deutschland mit 44&#8217;000 Hektarn die fl\u00e4chenm\u00e4\u00dfig bedeutendste eingef\u00fchrte Laubbaumart dar.<\/p>\n\n\n\n<p>Roteichen sind auch Verb\u00fcndete beim Klimaschutz. Sie sind anpassungsf\u00e4hig an verschiedene B\u00f6den und wechselhafte klimatische Anforderungen und k\u00f6nnen bis 400 Jahre alt werden. In jungen Jahren sind sie schnellw\u00fcchsig. Sie k\u00f6nnen bis 35 Meter hoch werden, mit bis zwei Metern Stammdurchmesser und weit ausladender Krone.<\/p>\n\n\n\n<p>Die st\u00e4rkste Roteiche Deutschlands mit einem Stammumfang von 6,84 Metern und einem Alter von zirka 180 Jahren steht bei Dresden in Bannewitz-N\u00f6thnitz, die zweitst\u00e4rkste Th\u00fcringens mit 4,53 Metern Umfang im Park Tannenfeld. Sie ist etwa 150 bis 200 Jahre alt.<\/p>\n\n\n\n<p>Die Roteiche ist zu einem wichtigen Forstbaum geworden und wird in Zukunft eine wichtige Rolle bei der nachhaltigen Waldbewirtschaftung spielen. Das Holz ist \u00e4hnlich verwendbar wie das von heimischen Stiel- und Trauben-Eichen, wenn es auch nicht deren Festigkeit und Dauerhaftigkeit erreicht.<\/p>\n\n\n\n<p>Interessierte sind zu der Veranstaltung in der Bibliothek am Puschkinplatz herzlich eingeladen. Der Eintritt ist frei.<\/p>\n\n\n\n<p>QUELLE: STADTVERWALTUNG<\/p>\n","protected":false},"excerpt":{"rendered":"<div class=\"mh-excerpt\"><p>Im Oktober laden die Geraer Geh\u00f6lzfreunde traditionell zu einer Veranstaltung zum Baum des Jahres in die Geraer Bibliothek am Puschkinplatz ein. In diesem Jahr wird der \u201eBaum des Jahres 2025: Die Roteiche\u201c vorgestellt von Daniel <a class=\"mh-excerpt-more\" href=\"https:\/\/www.studiogera.de\/001\/2025\/10\/20\/die-roteiche-vortrag-zum-baum-des-jahres-2025\/\" title=\"DIE ROTEICHE \u2014 VORTRAG ZUM BAUM DES JAHRES 2025\">[&#8230;]<\/a><\/p>\n<\/div>","protected":false},"author":2,"featured_media":39650,"comment_status":"open","ping_status":"open","sticky":false,"template":"","format":"standard","meta":{"footnotes":""},"categories":[8],"tags":[],"class_list":{"0":"post-39649","1":"post","2":"type-post","3":"status-publish","4":"format-standard","5":"has-post-thumbnail","7":"category-kultur"},"_links":{"self":[{"href":"https:\/\/www.studiogera.de\/001\/wp-json\/wp\/v2\/posts\/39649","targetHints":{"allow":["GET"]}}],"collection":[{"href":"https:\/\/www.studiogera.de\/001\/wp-json\/wp\/v2\/posts"}],"about":[{"href":"https:\/\/www.studiogera.de\/001\/wp-json\/wp\/v2\/types\/post"}],"author":[{"embeddable":true,"href":"https:\/\/www.studiogera.de\/001\/wp-json\/wp\/v2\/users\/2"}],"replies":[{"embeddable":true,"href":"https:\/\/www.studiogera.de\/001\/wp-json\/wp\/v2\/comments?post=39649"}],"version-history":[{"count":1,"href":"https:\/\/www.studiogera.de\/001\/wp-json\/wp\/v2\/posts\/39649\/revisions"}],"predecessor-version":[{"id":39651,"href":"https:\/\/www.studiogera.de\/001\/wp-json\/wp\/v2\/posts\/39649\/revisions\/39651"}],"wp:featuredmedia":[{"embeddable":true,"href":"https:\/\/www.studiogera.de\/001\/wp-json\/wp\/v2\/media\/39650"}],"wp:attachment":[{"href":"https:\/\/www.studiogera.de\/001\/wp-json\/wp\/v2\/media?parent=39649"}],"wp:term":[{"taxonomy":"category","embeddable":true,"href":"https:\/\/www.studiogera.de\/001\/wp-json\/wp\/v2\/categories?post=39649"},{"taxonomy":"post_tag","embeddable":true,"href":"https:\/\/www.studiogera.de\/001\/wp-json\/wp\/v2\/tags?post=39649"}],"curies":[{"name":"wp","href":"https:\/\/api.w.org\/{rel}","templated":true}]}}